{"id":350,"date":"2022-01-16T11:30:00","date_gmt":"2022-01-16T11:30:00","guid":{"rendered":"https:\/\/www.theonceandfuturecripple.com\/sk\/?p=350"},"modified":"2022-01-16T14:15:38","modified_gmt":"2022-01-16T14:15:38","slug":"som-postihnuta-a-tepla-a-som-na-to-hrda","status":"publish","type":"post","link":"https:\/\/www.theonceandfuturecripple.com\/sk\/som-postihnuta-a-tepla-a-som-na-to-hrda\/","title":{"rendered":"Som postihnut\u00e1 a tepl\u00e1 a som na to hrd\u00e1"},"content":{"rendered":"\n<p>Som postihnut\u00e1 a tepl\u00e1. M\u00e1m detsk\u00fa mozgov\u00fa obrnu a pri\u0165ahuje ma cel\u00e9 obsadenie seri\u00e1lu The Magicians. Poveda\u0165 to nahlas je fakt stra\u0161ideln\u00e9 a nie z be\u017en\u00fdch d\u00f4vodov. Moja rodina vie o mojej orient\u00e1cii u\u017e roky a viac-menej s\u00fa s t\u00fdm zmieren\u00ed. Ke\u010f\u017ee \u017eijem v&nbsp;Anglicku, nemus\u00edm sa ob\u00e1va\u0165, \u017ee by ma tento mal\u00fd verejn\u00fd coming out pripravil o pr\u00e1cu. \u010coho sa teda vlastne boj\u00edm? Boj\u00edm sa, \u017ee mi \u013eudia neuveria. Boj\u00edm sa, \u017ee na m\u0148a niekto bude \u00fato\u010di\u0165, lebo som sa opov\u00e1\u017eila tvrdi\u0165, \u017ee moje postihnutie nie je cel\u00e1 moja osobnos\u0165.<\/p>\n\n\n\n<h2 class=\"wp-block-heading\">Men\u0161inov\u00e1 matrio\u0161ka<\/h2>\n\n\n\n<p>Ned\u00e1vno som si pozrela video s aktivistkou Mikaelou Moody, v ktorom hovorila o tom, ako sa vyrovnala s rodovou dysf\u00f3riou a coming outom ako trans lesba s postihnut\u00edm. Povedala, \u017ee ke\u010f bola mlad\u0161ia, sna\u017eila sa svoju rodov\u00fa identitu potla\u010di\u0165, preto\u017ee verila, \u017ee m\u00f4\u017ee ma\u0165 iba jednu odli\u0161nos\u0165 a tou mus\u00ed by\u0165 jej postihnutie. So v\u0161etk\u00fdm, \u010do vravela, sa bohu\u017eia\u013e dok\u00e1\u017eem plne stoto\u017eni\u0165.<\/p>\n\n\n\n<p>By\u0165 postihnut\u00fd je identita a rovnako ako ka\u017ed\u00e1 in\u00e1 identita (rasa, sexu\u00e1lna orient\u00e1cia alebo rodov\u00e1 identita), formuje na\u0161u osobnos\u0165. Mo\u017eno v\u00e1s to prekvap\u00ed, ale moje postihnutie na m\u0148a malo zv\u00e4\u010d\u0161a pozit\u00edvny vplyv. Ako die\u0165a som nemohla chodi\u0165 na balet, a tak som za\u010dala \u010d\u00edta\u0165 knihy. Dnes som zamestnan\u00e1 ako knihovn\u00ed\u010dka a pracujem na svojom prvom rom\u00e1ne. (Mo\u017eno ho jedn\u00e9ho d\u0148a aj dokon\u010d\u00edm, ale to by som najprv musela zru\u0161i\u0165 svoje predplatn\u00e9 Netflixu). Moje nespo\u010detn\u00e9 sk\u00fasenosti s diskrimin\u00e1ciou viedli k tomu, \u017ee som sa rozhodla \u0161tudova\u0165 \u013eudsk\u00e9 pr\u00e1va a nesk\u00f4r som si na\u0161la pr\u00e1cu v Amnesty International. Toto v\u0161etko a mnoho in\u00e9ho je d\u00f4vodom, pre\u010do svoje postihnutie pova\u017eujem za obohacuj\u00facu identitu. Ale nie je to moja jedin\u00e1 identita.<br><br>Postihnutie je k\u013e\u00fa\u010dovou charakteristikou aj pre v\u00e1s zdrav\u00fdch. Rozhoduje toti\u017e o&nbsp;tom, ako n\u00e1s vn\u00edmate. Vy ho v\u0161ak v\u00f4bec nevid\u00edte ako nie\u010do pozit\u00edvne \u010di obohacuj\u00face. Vo va\u0161ich o\u010diach n\u00e1s postihnutie obralo o slobodu, samostatnos\u0165 a schopnosti, ale \u010do je najhor\u0161ie, obralo n\u00e1s o na\u0161u osobnos\u0165 a zredukovalo n\u00e1s na stereotypy. Postihnut\u00ed \u013eudia s\u00fa bu\u010f rezignovan\u00ed a depres\u00edvni, alebo za ka\u017ed\u00fdch okolnost\u00ed pozit\u00edvni a \u0161\u0165astn\u00ed. Bu\u010f sme in\u0161pirat\u00edvni bojovn\u00edci, alebo po\u013eutovaniahodn\u00e9 ch\u00fa\u010fatk\u00e1. V ka\u017edom pr\u00edpade sa n\u00e1\u0161 \u017eivot mus\u00ed to\u010di\u0165 iba okolo t\u00fa\u017eby vylie\u010di\u0165 sa, preto\u017ee iba zdrav\u00ed \u013eudia predsa m\u00f4\u017eu ma\u0165 osobnos\u0165, v\u0161ak?<br>Fakt, \u017ee som postihnut\u00e1, je rovnako nelie\u010dite\u013en\u00fd ako to, \u017ee som tepl\u00e1, a to je \u00faplne v poriadku.<\/p>\n\n\n\n<h2 class=\"wp-block-heading\">V tridsiatke som u\u017e pristar\u00e1 na to, aby som bola die\u0165a\u0165om<\/h2>\n\n\n\n<p>Ak\u00fd je to pocit by\u0165 men\u0161inou v men\u0161ine? \u00daprimne? Mizern\u00fd. Zdvojn\u00e1sobuje to t\u00fa kopu ableizmu a queerf\u00f3bie, s ktorou sa mus\u00edme dennodenne vysporiada\u0165.<\/p>\n\n\n\n<p>Ke\u010f\u017ee spolo\u010dnos\u0165 pov\u00e4\u010d\u0161ine vn\u00edma postihnut\u00fdch \u013eud\u00ed ako ve\u010dn\u00e9 deti, nevinn\u00e9 a \u010dist\u00e9, v\u0161etci sme asexu\u00e1lni, v\u0161ak? Niektor\u00ed z n\u00e1s s\u00fa naozaj asexu\u00e1lni, ale ak je postihnut\u00fd \u010dlovek ace, je to jeho sexu\u00e1lna orient\u00e1cia. Je ace preto, lebo nepoci\u0165uje sexu\u00e1lnu pr\u00ed\u0165a\u017elivos\u0165, nie preto, \u017ee by bol pr\u00edli\u0161 \u010dist\u00fd a nevinn\u00fd na sex.&nbsp;&nbsp;<br>Dospel\u00ed postihnut\u00ed \u013eudia existuj\u00fa. A rovnako ako dospel\u00ed zdrav\u00ed \u013eudia, sme sexu\u00e1lne bytosti, schopn\u00e9 rozozna\u0165, kto n\u00e1s pri\u0165ahuje, zamilova\u0165 sa a ma\u0165 dobrovo\u013en\u00fd sex.<\/p>\n\n\n\n<p>Ak povieme, \u017ee sme tepl\u00ed, tak sme tepl\u00ed. Nie sme zm\u00e4ten\u00ed, nikto n\u00e1s nezmanipuloval ani inak neprin\u00fatil k z\u00e1ujmu o opa\u010dn\u00e9 pohlavie (alebo viac pohlav\u00ed) o ni\u010d viac ne\u017e zdrav\u00e9ho queer \u010dloveka.<\/p>\n\n\n\n<h2 class=\"wp-block-heading\">Je v poriadku, ak v\u00e1s pri\u0165ahuj\u00fa postihnut\u00ed \u013eudia<\/h2>\n\n\n\n<p>VAROVANIE: v tejto \u010dasti \u010dl\u00e1nku rozober\u00e1m sexu\u00e1lne n\u00e1silie, ak je to nie\u010do, \u010do by v\u00e1m mohlo sp\u00f4sobi\u0165 psychick\u00e9 \u0165a\u017ekosti, presko\u010dte, pros\u00edm na podnadpis <strong>Ke\u010f je hrdos\u0165 nepr\u00edstupn\u00e1.<\/strong><\/p>\n\n\n\n<p>Ak sme vo vz\u0165ahu s osobou rovnak\u00e9ho pohlavia, n\u00e1\u0161 partner\/ka nie je pred\u00e1tor. Zdrav\u00fd queer \u010dlovek, ktor\u00fd chod\u00ed s postihnut\u00fdm queer \u010dlovekom, nie je \u00fachyl, rovnako ako zdrav\u00fd heter\u00e1k, ktor\u00fd chod\u00ed s postihnutou \u017eenou, nie je hrdina.<br>Uvedomi\u0165 si, \u017ee postihnut\u00ed \u013eudia s\u00fa atrakt\u00edvni a sexi, nie je ani zvrhl\u00e9 ani hrdinsk\u00e9.&nbsp;<\/p>\n\n\n\n<p>Predstava, \u017ee n\u00e1s nikto nem\u00f4\u017ee pova\u017eova\u0165 za pr\u00ed\u0165a\u017eliv\u00fdch, je ableistick\u00e1 a nesmierne \u0161kodliv\u00e1. Sp\u00f4sobuje, \u017ee postihnut\u00fdm obetiam zn\u00e1silnenia \u013eudia \u010dasto neveria. Ve\u010f u\u017e len kto by sa n\u00e1s chcel dotkn\u00fa\u0165?<\/p>\n\n\n\n<p>Pod\u013ea prieskumu, ktor\u00fd v decembri 2019 zverejnil N\u00e1rodn\u00fd \u0161tatistick\u00fd \u00farad v UK, s\u00fa \u013eudia s postihnut\u00edm obe\u0165ami sexu\u00e1lneho n\u00e1silia takmer dvakr\u00e1t \u010dastej\u0161ie ako zdrav\u00ed \u013eudia.<\/p>\n\n\n\n<p>V\u00e1\u0161 ableizmus pom\u00e1ha n\u00e1siln\u00edkom unikn\u00fa\u0165 spravodlivosti, zamyslite sa nad t\u00fdm.<\/p>\n\n\n\n<p>Na\u0161i partneri teda nie s\u00fa \u00fachyln\u00ed a ani my nie sme. Navzdory v\u0161eobecn\u00e9mu presved\u010deniu sa postihnut\u00ed \u013eudia nezamiluj\u00fa do ka\u017ed\u00e9ho, kto je k nim \u010do len trochu mil\u00fd. Net\u00fa\u017eime z\u00fafalo po l\u00e1ske. M\u00e1me svoje \u0161tandardy a preferencie a dok\u00e1\u017eeme rozozna\u0165 rozdiel medzi priate\u013eskou konverz\u00e1ciou a flirtovan\u00edm. Tak\u017ee sa k n\u00e1m bez ob\u00e1v m\u00f4\u017eete spr\u00e1va\u0165 milo a slu\u0161ne. S\u013eubujem, \u017ee v\u00e1s neza\u010dneme ob\u0165a\u017eova\u0165.<\/p>\n\n\n\n<p>A len aby bolo jasno: to, \u017ee som povedala, \u017ee postihnut\u00ed \u013eudia s\u00fa sexu\u00e1lne bytosti, v\u00e1m ned\u00e1va pr\u00e1vo vypytova\u0165 sa, <em>ako <\/em>m\u00e1me sex. Ni\u010d v\u00e1s do toho nie je a navy\u0161e podobn\u00e9 ot\u00e1zky robia \u00fachylov jedine z V\u00c1S.<\/p>\n\n\n\n<h2 class=\"wp-block-heading\">Ke\u010f je hrdos\u0165 nepr\u00edstupn\u00e1<\/h2>\n\n\n\n<p>To najlep\u0161ie na tom by\u0165 queer, je LGBTI komunita. Pre mnoh\u00fdch queer \u013eud\u00ed sa stala rodinou, ktor\u00e1 ich prijala tak\u00fdch, ak\u00ed s\u00fa. Napriek tomu sa v nej postihnut\u00ed queer \u013eudia st\u00e1le nec\u00edtia v\u00edtan\u00ed. Gej bary s\u00fa pln\u00e9 bari\u00e9r \u2013 od schodov, \u00fazkych dver\u00ed a mal\u00fdch toaliet a\u017e po hlu\u010dn\u00e9 p\u00e1rty s mno\u017estvom blikaj\u00facich svetiel, ktor\u00e9 by autistickej osobe mohli sp\u00f4sobi\u0165 zmyslov\u00e9 pre\u0165a\u017eenie.<\/p>\n\n\n\n<p>Na Slovensku som sa z\u00fa\u010dastnila desiatok queer akci\u00ed od filmov\u00fdch festivalov, divadeln\u00fdch predstaven\u00ed, \u010d\u00edtan\u00ed po\u00e9zie, \u017div\u00fdch kni\u017en\u00edc cez v\u00fdstavy a\u017e po diskusie. Takmer \u017eiadna z nich nebola dostupn\u00e1 online, ch\u00fdbalo aj tlmo\u010denie do posunkovej re\u010di, titulky \u010di audio koment\u00e1r.<\/p>\n\n\n\n<p>Mus\u00edm sa k nie\u010domu prizna\u0165 \u2013 ke\u010f som pracovala v Amnesty, sama som zop\u00e1r tak\u00fdchto akci\u00ed organizovala a ani ja som na tieto veci nemyslela. M\u00f4j vlastn\u00fd internalizovan\u00fd ableizmus ma don\u00fatil zabudn\u00fa\u0165, \u017ee existuj\u00fa aj \u010fal\u0161\u00ed postihnut\u00ed queer \u013eudia, ktor\u00fdch potreby sa od t\u00fdch mojich m\u00f4\u017eu l\u00ed\u0161i\u0165. U\u017e nikdy t\u00fato chybu nezopakujem. Viem, \u017ee dok\u00e1\u017eem by\u0165 lep\u0161ia a takisto to dok\u00e1\u017ee aj moja \u00fa\u017easn\u00e1 LGBT komunita. <\/p>\n\n\n\n<p>Tak\u017ee ke\u010f budete nabud\u00face organizova\u0165 nejak\u00fa akciu, cho\u010fte na internet a sp\u00fdtajte sa postihnut\u00fdch queer \u013eud\u00ed, ako im va\u0161u akciu najlep\u0161ie spr\u00edstupni\u0165. Naozaj je to tak\u00e9 jednoduch\u00e9.<\/p>\n\n\n\n<h2 class=\"wp-block-heading\">Man\u017eelstvo&nbsp; pre v\u0161etk\u00fdch<\/h2>\n\n\n\n<p>Queer \u013eudia bojovali za pr\u00e1vo vzia\u0165 si toho, koho miluj\u00fa, cel\u00e9 desa\u0165ro\u010dia. Na Slovensku sa tento boj e\u0161te neskon\u010dil.<\/p>\n\n\n\n<p>V Severnom \u00cdrsku legalizovali man\u017eelstvo p\u00e1rov rovnak\u00e9ho pohlavia v janu\u00e1ri 2020, \u010do znamen\u00e1, \u017ee teraz m\u00f4\u017eu queer p\u00e1ry uzavrie\u0165 man\u017eelstvo bez oh\u013eadu na to, v ktorej \u010dasti Spojen\u00e9ho kr\u00e1\u013eovstva \u017eij\u00fa. <\/p>\n\n\n\n<p>Toto v\u0161ak neplat\u00ed pre v\u0161etk\u00fdch. Ako na Slovensku, tak aj v UK postihnut\u00ed \u013eudia prich\u00e1dzaj\u00fa po uzavret\u00ed man\u017eelstva o \u010das\u0165 pe\u0148a\u017en\u00fdch pr\u00edspevkov na kompenz\u00e1ciu, preto\u017ee sa z\u00e1robok ich polovi\u010dky zar\u00e1tava do ich pr\u00edjmu. Toto pravidlo znemo\u017e\u0148uje mnoh\u00fdm postihnut\u00fdm \u013eu\u010fom (ako queer, tak hetero) vst\u00fapi\u0165 do man\u017eelstva, preto\u017ee by bez t\u00fdchto pe\u0148az\u00ed nedok\u00e1zali pre\u017ei\u0165. To, \u017ee si vezmete postihnut\u00e9ho \u010dloveka, z v\u00e1s nerob\u00ed jeho opatrovate\u013ea. Na t\u00fato pr\u00e1cu si v\u00e1\u0161 man\u017eel\/ka st\u00e1le bude musie\u0165 niekoho naja\u0165 a zaplati\u0165. A skuto\u010dnos\u0165, \u017ee zar\u00e1bate, neznamen\u00e1, \u017ee m\u00f4\u017eete (alebo by ste mali) min\u00fa\u0165 v\u0161etky svoje peniaze na potreby va\u0161ej postihnutej polovi\u010dky.<\/p>\n\n\n\n<p>Boj o man\u017eelstvo pre v\u0161etk\u00fdch sa v UK neskon\u010d\u00ed, k\u00fdm v\u0161etci postihnut\u00ed \u013eudia nebud\u00fa m\u00f4c\u0165 uzavrie\u0165 man\u017eelstvo bez strachu, \u017ee pr\u00eddu o \u017eivotne d\u00f4le\u017eit\u00e9 pr\u00edspevky.&nbsp;&nbsp;&nbsp;<\/p>\n\n\n\n<p>Tak si to e\u0161te raz zhr\u0148me: sme tepl\u00ed a postihnut\u00ed a sme na to hrd\u00ed.<\/p>\n\n\n\n<div class=\"wp-block-group\"><div class=\"wp-block-group__inner-container is-layout-flow wp-block-group-is-layout-flow\">\n<hr class=\"wp-block-separator is-style-default\"\/>\n\n\n\n<p class=\"has-text-align-center\" id=\"soc-text\">Sledujte moje soci\u00e1lne siete alebo zdie\u013eajte tento \u010dl\u00e1nok<\/p>\n\n\n\n<div class=\"follow\"> <iframe loading=\"lazy\" class=\"fblike\" src=\"https:\/\/www.facebook.com\/plugins\/like.php?href=https%3A%2F%2Fwww.facebook.com%2Fonceandfuturecripple&amp;width=90&amp;layout=button_count&amp;action=like&amp;size=small&amp;share=false&amp;height=21&amp;appId\" width=\"90\" height=\"21\" style=\"border:none;overflow:hidden\" scrolling=\"no\" frameborder=\"0\" allowfullscreen=\"true\" allow=\"autoplay; clipboard-write; encrypted-media; picture-in-picture; web-share\"><\/iframe> <a class=\"igfollow\" href=\"https:\/\/www.instagram.com\/onceandfuturecripple\/\"><img decoding=\"async\" src=\"https:\/\/www.theonceandfuturecripple.com\/wp-content\/uploads\/2021\/10\/IG-follow-SK-bold.png\" alt=\"instagram\"><\/a><\/div>\n<\/div><\/div>\n\n\n\n<iframe loading=\"lazy\" class=\"fbshare\" src=\"https:\/\/www.facebook.com\/plugins\/share_button.php?href=https%3A%2F%2Fwww.theonceandfuturecripple.com%2Fsk%2Fsom-postihnuta-a-tepla-a-som-na-to-hrda%2F&amp;layout=button_count&amp;size=small&amp;width=78&amp;height=20&amp;appId\" style=\"border:none;overflow:hidden\" scrolling=\"no\" allowfullscreen=\"true\" allow=\"autoplay; clipboard-write; encrypted-media; picture-in-picture; web-share\" width=\"78\" height=\"20\" frameborder=\"0\"><\/iframe>\n","protected":false},"excerpt":{"rendered":"<p>Som postihnut\u00e1 a tepl\u00e1. M\u00e1m detsk\u00fa mozgov\u00fa obrnu a pri\u0165ahuje ma cel\u00e9 obsadenie seri\u00e1lu The Magicians. Poveda\u0165 to nahlas je fakt stra\u0161ideln\u00e9 a nie z be\u017en\u00fdch d\u00f4vodov. Moja rodina vie o mojej orient\u00e1cii u\u017e roky a viac-menej s\u00fa s t\u00fdm zmieren\u00ed. Ke\u010f\u017ee \u017eijem v&nbsp;Anglicku, nemus\u00edm sa ob\u00e1va\u0165, \u017ee by ma tento mal\u00fd verejn\u00fd coming out pripravil o pr\u00e1cu. \u010coho sa teda vlastne boj\u00edm? Boj\u00edm sa, \u017ee mi \u013eudia neuveria. Boj\u00edm sa, \u017ee na m\u0148a niekto bude \u00fato\u010di\u0165, lebo som sa opov\u00e1\u017eila tvrdi\u0165, \u017ee moje postihnutie nie je cel\u00e1 moja osobnos\u0165. Men\u0161inov\u00e1 matrio\u0161ka Ned\u00e1vno som si pozrela video s aktivistkou Mikaelou Moody, v ktorom hovorila o tom, ako sa vyrovnala s rodovou dysf\u00f3riou a coming outom ako trans lesba s postihnut\u00edm. Povedala, \u017ee ke\u010f bola mlad\u0161ia, sna\u017eila sa svoju rodov\u00fa identitu potla\u010di\u0165, preto\u017ee verila, \u017ee m\u00f4\u017ee ma\u0165 iba jednu odli\u0161nos\u0165 a tou mus\u00ed by\u0165 jej postihnutie. So v\u0161etk\u00fdm, \u010do vravela, sa bohu\u017eia\u013e dok\u00e1\u017eem plne stoto\u017eni\u0165. By\u0165 postihnut\u00fd je identita a rovnako ako ka\u017ed\u00e1 in\u00e1 identita (rasa, sexu\u00e1lna orient\u00e1cia alebo rodov\u00e1 identita), formuje na\u0161u osobnos\u0165. Mo\u017eno v\u00e1s to prekvap\u00ed, ale moje postihnutie na m\u0148a malo zv\u00e4\u010d\u0161a pozit\u00edvny vplyv. Ako die\u0165a som nemohla chodi\u0165 na balet, a tak som za\u010dala \u010d\u00edta\u0165 knihy. Dnes som zamestnan\u00e1 ako knihovn\u00ed\u010dka a pracujem na svojom prvom rom\u00e1ne. (Mo\u017eno ho jedn\u00e9ho d\u0148a aj dokon\u010d\u00edm, ale to by som najprv musela zru\u0161i\u0165 svoje predplatn\u00e9 Netflixu). Moje nespo\u010detn\u00e9 sk\u00fasenosti s diskrimin\u00e1ciou viedli k tomu, \u017ee som sa rozhodla \u0161tudova\u0165 \u013eudsk\u00e9 pr\u00e1va a nesk\u00f4r som si na\u0161la pr\u00e1cu v Amnesty International. Toto v\u0161etko a mnoho in\u00e9ho je d\u00f4vodom, pre\u010do svoje postihnutie pova\u017eujem za obohacuj\u00facu identitu. Ale nie je to moja jedin\u00e1 identita. Postihnutie je k\u013e\u00fa\u010dovou charakteristikou aj pre v\u00e1s zdrav\u00fdch. Rozhoduje toti\u017e o&nbsp;tom, ako n\u00e1s vn\u00edmate. Vy ho v\u0161ak v\u00f4bec nevid\u00edte ako nie\u010do pozit\u00edvne \u010di obohacuj\u00face. Vo va\u0161ich o\u010diach n\u00e1s postihnutie obralo o slobodu, samostatnos\u0165 a schopnosti, ale \u010do je najhor\u0161ie, obralo n\u00e1s o na\u0161u osobnos\u0165 a zredukovalo n\u00e1s na stereotypy. Postihnut\u00ed \u013eudia s\u00fa bu\u010f rezignovan\u00ed a depres\u00edvni, alebo za ka\u017ed\u00fdch okolnost\u00ed pozit\u00edvni a \u0161\u0165astn\u00ed. Bu\u010f sme in\u0161pirat\u00edvni bojovn\u00edci, alebo po\u013eutovaniahodn\u00e9 ch\u00fa\u010fatk\u00e1. V ka\u017edom pr\u00edpade sa n\u00e1\u0161 \u017eivot mus\u00ed to\u010di\u0165 iba okolo t\u00fa\u017eby vylie\u010di\u0165 sa, preto\u017ee iba zdrav\u00ed \u013eudia predsa m\u00f4\u017eu ma\u0165 osobnos\u0165, v\u0161ak?Fakt, \u017ee som postihnut\u00e1, je rovnako nelie\u010dite\u013en\u00fd ako to, \u017ee som tepl\u00e1, a to je \u00faplne v poriadku. V tridsiatke som u\u017e pristar\u00e1 na to, aby som bola die\u0165a\u0165om Ak\u00fd je to pocit by\u0165 men\u0161inou v men\u0161ine? \u00daprimne? Mizern\u00fd. Zdvojn\u00e1sobuje to t\u00fa kopu ableizmu a queerf\u00f3bie, s ktorou sa mus\u00edme dennodenne vysporiada\u0165. Ke\u010f\u017ee spolo\u010dnos\u0165 pov\u00e4\u010d\u0161ine vn\u00edma postihnut\u00fdch \u013eud\u00ed ako ve\u010dn\u00e9 deti, nevinn\u00e9 a \u010dist\u00e9, v\u0161etci sme asexu\u00e1lni, v\u0161ak? Niektor\u00ed z n\u00e1s s\u00fa naozaj asexu\u00e1lni, ale ak je postihnut\u00fd \u010dlovek ace, je to jeho sexu\u00e1lna orient\u00e1cia. Je ace preto, lebo nepoci\u0165uje sexu\u00e1lnu pr\u00ed\u0165a\u017elivos\u0165, nie preto, \u017ee by bol pr\u00edli\u0161 \u010dist\u00fd a nevinn\u00fd na sex.&nbsp;&nbsp;Dospel\u00ed postihnut\u00ed \u013eudia existuj\u00fa. A rovnako ako dospel\u00ed zdrav\u00ed \u013eudia, sme sexu\u00e1lne bytosti, schopn\u00e9 rozozna\u0165, kto n\u00e1s pri\u0165ahuje, zamilova\u0165 sa a ma\u0165 dobrovo\u013en\u00fd sex. Ak povieme, \u017ee sme tepl\u00ed, tak sme tepl\u00ed. Nie sme zm\u00e4ten\u00ed, nikto n\u00e1s nezmanipuloval ani inak neprin\u00fatil k z\u00e1ujmu o opa\u010dn\u00e9 pohlavie (alebo viac pohlav\u00ed) o ni\u010d viac ne\u017e zdrav\u00e9ho queer \u010dloveka. Je v poriadku, ak v\u00e1s pri\u0165ahuj\u00fa postihnut\u00ed \u013eudia VAROVANIE: v tejto \u010dasti \u010dl\u00e1nku rozober\u00e1m sexu\u00e1lne n\u00e1silie, ak je to nie\u010do, \u010do by v\u00e1m mohlo sp\u00f4sobi\u0165 psychick\u00e9 \u0165a\u017ekosti, presko\u010dte, pros\u00edm na podnadpis Ke\u010f je hrdos\u0165 nepr\u00edstupn\u00e1. Ak sme vo vz\u0165ahu s osobou rovnak\u00e9ho pohlavia, n\u00e1\u0161 partner\/ka nie je pred\u00e1tor. Zdrav\u00fd queer \u010dlovek, ktor\u00fd chod\u00ed s postihnut\u00fdm queer \u010dlovekom, nie je \u00fachyl, rovnako ako zdrav\u00fd heter\u00e1k, ktor\u00fd chod\u00ed s postihnutou \u017eenou, nie je hrdina.Uvedomi\u0165 si, \u017ee postihnut\u00ed \u013eudia s\u00fa atrakt\u00edvni a sexi, nie je ani zvrhl\u00e9 ani hrdinsk\u00e9.&nbsp; Predstava, \u017ee n\u00e1s nikto nem\u00f4\u017ee pova\u017eova\u0165 za pr\u00ed\u0165a\u017eliv\u00fdch, je ableistick\u00e1 a nesmierne \u0161kodliv\u00e1. Sp\u00f4sobuje, \u017ee postihnut\u00fdm obetiam zn\u00e1silnenia \u013eudia \u010dasto neveria. Ve\u010f u\u017e len kto by sa n\u00e1s chcel dotkn\u00fa\u0165? Pod\u013ea prieskumu, ktor\u00fd v decembri 2019 zverejnil N\u00e1rodn\u00fd \u0161tatistick\u00fd \u00farad v UK, s\u00fa \u013eudia s postihnut\u00edm obe\u0165ami sexu\u00e1lneho n\u00e1silia takmer dvakr\u00e1t \u010dastej\u0161ie ako zdrav\u00ed \u013eudia. V\u00e1\u0161 ableizmus pom\u00e1ha n\u00e1siln\u00edkom unikn\u00fa\u0165 spravodlivosti, zamyslite sa nad t\u00fdm. Na\u0161i partneri teda nie s\u00fa \u00fachyln\u00ed a ani my nie sme. Navzdory v\u0161eobecn\u00e9mu presved\u010deniu sa postihnut\u00ed \u013eudia nezamiluj\u00fa do ka\u017ed\u00e9ho, kto je k nim \u010do len trochu mil\u00fd. Net\u00fa\u017eime z\u00fafalo po l\u00e1ske. M\u00e1me svoje \u0161tandardy a preferencie a dok\u00e1\u017eeme rozozna\u0165 rozdiel medzi priate\u013eskou konverz\u00e1ciou a flirtovan\u00edm. Tak\u017ee sa k n\u00e1m bez ob\u00e1v m\u00f4\u017eete spr\u00e1va\u0165 milo a slu\u0161ne. S\u013eubujem, \u017ee v\u00e1s neza\u010dneme ob\u0165a\u017eova\u0165. A len aby bolo jasno: to, \u017ee som povedala, \u017ee postihnut\u00ed \u013eudia s\u00fa sexu\u00e1lne bytosti, v\u00e1m ned\u00e1va pr\u00e1vo vypytova\u0165 sa, ako m\u00e1me sex. Ni\u010d v\u00e1s do toho nie je a navy\u0161e podobn\u00e9 ot\u00e1zky robia \u00fachylov jedine z V\u00c1S. Ke\u010f je hrdos\u0165 nepr\u00edstupn\u00e1 To najlep\u0161ie na tom by\u0165 queer, je LGBTI komunita. Pre mnoh\u00fdch queer \u013eud\u00ed sa stala rodinou, ktor\u00e1 ich prijala tak\u00fdch, ak\u00ed s\u00fa. Napriek tomu sa v nej postihnut\u00ed queer \u013eudia st\u00e1le nec\u00edtia v\u00edtan\u00ed. Gej bary s\u00fa pln\u00e9 bari\u00e9r \u2013 od schodov, \u00fazkych dver\u00ed a mal\u00fdch toaliet a\u017e po hlu\u010dn\u00e9 p\u00e1rty s mno\u017estvom blikaj\u00facich svetiel, ktor\u00e9 by autistickej osobe mohli sp\u00f4sobi\u0165 zmyslov\u00e9 pre\u0165a\u017eenie. Na Slovensku som sa z\u00fa\u010dastnila desiatok queer akci\u00ed od filmov\u00fdch festivalov, divadeln\u00fdch predstaven\u00ed, \u010d\u00edtan\u00ed po\u00e9zie, \u017div\u00fdch kni\u017en\u00edc cez v\u00fdstavy a\u017e po diskusie. Takmer \u017eiadna z nich nebola dostupn\u00e1 online, ch\u00fdbalo aj tlmo\u010denie do posunkovej re\u010di, titulky \u010di audio koment\u00e1r. Mus\u00edm sa k nie\u010domu prizna\u0165 \u2013 ke\u010f som pracovala v Amnesty, sama som zop\u00e1r tak\u00fdchto akci\u00ed organizovala a ani ja som na tieto veci nemyslela. M\u00f4j vlastn\u00fd internalizovan\u00fd ableizmus ma don\u00fatil zabudn\u00fa\u0165, \u017ee existuj\u00fa aj \u010fal\u0161\u00ed postihnut\u00ed queer \u013eudia, ktor\u00fdch potreby sa od t\u00fdch mojich m\u00f4\u017eu l\u00ed\u0161i\u0165. U\u017e nikdy t\u00fato chybu nezopakujem. Viem, \u017ee dok\u00e1\u017eem by\u0165 lep\u0161ia a takisto to dok\u00e1\u017ee aj moja \u00fa\u017easn\u00e1 LGBT komunita. Tak\u017ee ke\u010f budete nabud\u00face organizova\u0165 nejak\u00fa akciu, cho\u010fte na internet a sp\u00fdtajte sa postihnut\u00fdch queer \u013eud\u00ed, ako im va\u0161u akciu najlep\u0161ie spr\u00edstupni\u0165. Naozaj je to tak\u00e9 jednoduch\u00e9. Man\u017eelstvo&nbsp; pre v\u0161etk\u00fdch Queer \u013eudia bojovali za pr\u00e1vo vzia\u0165 si toho, koho miluj\u00fa, cel\u00e9 desa\u0165ro\u010dia. Na Slovensku sa tento boj e\u0161te neskon\u010dil. V Severnom \u00cdrsku legalizovali man\u017eelstvo p\u00e1rov rovnak\u00e9ho pohlavia v janu\u00e1ri 2020, \u010do znamen\u00e1, \u017ee teraz m\u00f4\u017eu queer p\u00e1ry uzavrie\u0165 man\u017eelstvo bez oh\u013eadu na to, v ktorej \u010dasti Spojen\u00e9ho kr\u00e1\u013eovstva \u017eij\u00fa. Toto v\u0161ak neplat\u00ed pre v\u0161etk\u00fdch. Ako na Slovensku, tak aj v UK postihnut\u00ed \u013eudia prich\u00e1dzaj\u00fa po uzavret\u00ed man\u017eelstva o \u010das\u0165 pe\u0148a\u017en\u00fdch pr\u00edspevkov na kompenz\u00e1ciu, preto\u017ee sa z\u00e1robok ich polovi\u010dky zar\u00e1tava do ich pr\u00edjmu. Toto pravidlo znemo\u017e\u0148uje mnoh\u00fdm postihnut\u00fdm \u013eu\u010fom (ako queer, tak hetero) vst\u00fapi\u0165 do man\u017eelstva, preto\u017ee by bez t\u00fdchto pe\u0148az\u00ed nedok\u00e1zali pre\u017ei\u0165. To, \u017ee si vezmete postihnut\u00e9ho \u010dloveka, z v\u00e1s nerob\u00ed jeho opatrovate\u013ea. Na t\u00fato pr\u00e1cu si v\u00e1\u0161 man\u017eel\/ka st\u00e1le bude musie\u0165 niekoho naja\u0165 a zaplati\u0165. A skuto\u010dnos\u0165, \u017ee zar\u00e1bate, neznamen\u00e1, \u017ee m\u00f4\u017eete (alebo by ste mali) min\u00fa\u0165 v\u0161etky svoje peniaze na potreby va\u0161ej postihnutej polovi\u010dky. Boj o man\u017eelstvo pre v\u0161etk\u00fdch sa v UK neskon\u010d\u00ed, k\u00fdm v\u0161etci postihnut\u00ed \u013eudia nebud\u00fa m\u00f4c\u0165 uzavrie\u0165 man\u017eelstvo bez strachu, \u017ee pr\u00eddu o \u017eivotne d\u00f4le\u017eit\u00e9 pr\u00edspevky.&nbsp;&nbsp;&nbsp; Tak si to e\u0161te raz zhr\u0148me: sme tepl\u00ed a postihnut\u00ed a sme na to hrd\u00ed.<\/p>\n","protected":false},"author":5,"featured_media":0,"comment_status":"open","ping_status":"open","sticky":false,"template":"","format":"standard","meta":{"footnotes":""},"categories":[5],"tags":[],"class_list":["post-350","post","type-post","status-publish","format-standard","hentry","category-vyprava-za-rovnostou"],"yoast_head":"<!-- This site is optimized with the Yoast SEO plugin v27.5 - https:\/\/yoast.com\/product\/yoast-seo-wordpress\/ -->\n<title>Som postihnut\u00e1 a tepl\u00e1 a som na to hrd\u00e1 - The Once and Future Cripple SK<\/title>\n<meta name=\"description\" content=\"Dospel\u00ed postihnut\u00ed \u013eudia existuj\u00fa. A rovnako ako dospel\u00ed zdrav\u00ed \u013eudia, sme sexu\u00e1lne bytosti, schopn\u00e9 rozozna\u0165, kto n\u00e1s pri\u0165ahuje, zamilova\u0165 sa a ma\u0165 dobrovo\u013en\u00fd sex. Ak povieme, \u017ee sme tepl\u00ed, tak sme tepl\u00ed. Nie sme zm\u00e4ten\u00ed, nikto n\u00e1s nezmanipuloval ani inak neprin\u00fatil k z\u00e1ujmu o opa\u010dn\u00e9 pohlavie (alebo viac pohlav\u00ed) o ni\u010d viac ne\u017e zdrav\u00e9ho queer \u010dloveka.\" \/>\n<meta name=\"robots\" content=\"index, follow, max-snippet:-1, max-image-preview:large, max-video-preview:-1\" \/>\n<link rel=\"canonical\" href=\"https:\/\/www.theonceandfuturecripple.com\/sk\/som-postihnuta-a-tepla-a-som-na-to-hrda\/\" \/>\n<meta property=\"og:locale\" content=\"sk_SK\" \/>\n<meta property=\"og:type\" content=\"article\" \/>\n<meta property=\"og:title\" content=\"Som postihnut\u00e1 a tepl\u00e1 a som na to hrd\u00e1 - The Once and Future Cripple SK\" \/>\n<meta property=\"og:description\" content=\"Dospel\u00ed postihnut\u00ed \u013eudia existuj\u00fa. A rovnako ako dospel\u00ed zdrav\u00ed \u013eudia, sme sexu\u00e1lne bytosti, schopn\u00e9 rozozna\u0165, kto n\u00e1s pri\u0165ahuje, zamilova\u0165 sa a ma\u0165 dobrovo\u013en\u00fd sex. Ak povieme, \u017ee sme tepl\u00ed, tak sme tepl\u00ed. Nie sme zm\u00e4ten\u00ed, nikto n\u00e1s nezmanipuloval ani inak neprin\u00fatil k z\u00e1ujmu o opa\u010dn\u00e9 pohlavie (alebo viac pohlav\u00ed) o ni\u010d viac ne\u017e zdrav\u00e9ho queer \u010dloveka.\" \/>\n<meta property=\"og:url\" content=\"https:\/\/www.theonceandfuturecripple.com\/sk\/som-postihnuta-a-tepla-a-som-na-to-hrda\/\" \/>\n<meta property=\"og:site_name\" content=\"The Once and Future Cripple SK\" \/>\n<meta property=\"article:publisher\" content=\"https:\/\/www.facebook.com\/onceandfuturecripple\" \/>\n<meta property=\"article:published_time\" content=\"2022-01-16T11:30:00+00:00\" \/>\n<meta property=\"article:modified_time\" content=\"2022-01-16T14:15:38+00:00\" \/>\n<meta property=\"og:image\" content=\"https:\/\/www.theonceandfuturecripple.com\/sk\/wp-content\/uploads\/sites\/2\/2022\/01\/fb-link.png\" \/>\n\t<meta property=\"og:image:width\" content=\"953\" \/>\n\t<meta property=\"og:image:height\" content=\"500\" \/>\n\t<meta property=\"og:image:type\" content=\"image\/png\" \/>\n<meta name=\"author\" content=\"Kristina Lucien\" \/>\n<meta name=\"twitter:card\" content=\"summary_large_image\" \/>\n<meta name=\"twitter:label1\" content=\"Autor\" \/>\n\t<meta name=\"twitter:data1\" content=\"Kristina Lucien\" \/>\n\t<meta name=\"twitter:label2\" content=\"Predpokladan\u00fd \u010das \u010d\u00edtania\" \/>\n\t<meta name=\"twitter:data2\" content=\"7 min\u00fat\" \/>\n<script type=\"application\/ld+json\" class=\"yoast-schema-graph\">{\"@context\":\"https:\\\/\\\/schema.org\",\"@graph\":[{\"@type\":\"Article\",\"@id\":\"https:\\\/\\\/www.theonceandfuturecripple.com\\\/sk\\\/som-postihnuta-a-tepla-a-som-na-to-hrda\\\/#article\",\"isPartOf\":{\"@id\":\"https:\\\/\\\/www.theonceandfuturecripple.com\\\/sk\\\/som-postihnuta-a-tepla-a-som-na-to-hrda\\\/\"},\"author\":{\"name\":\"Kristina Lucien\",\"@id\":\"https:\\\/\\\/www.theonceandfuturecripple.com\\\/sk\\\/#\\\/schema\\\/person\\\/1c6d55c93b75553842f359c4ed0242c5\"},\"headline\":\"Som postihnut\u00e1 a tepl\u00e1 a som na to hrd\u00e1\",\"datePublished\":\"2022-01-16T11:30:00+00:00\",\"dateModified\":\"2022-01-16T14:15:38+00:00\",\"mainEntityOfPage\":{\"@id\":\"https:\\\/\\\/www.theonceandfuturecripple.com\\\/sk\\\/som-postihnuta-a-tepla-a-som-na-to-hrda\\\/\"},\"wordCount\":1512,\"commentCount\":3,\"publisher\":{\"@id\":\"https:\\\/\\\/www.theonceandfuturecripple.com\\\/sk\\\/#organization\"},\"articleSection\":[\"V\u00fdprava za rovnos\u0165ou\"],\"inLanguage\":\"sk-SK\",\"potentialAction\":[{\"@type\":\"CommentAction\",\"name\":\"Comment\",\"target\":[\"https:\\\/\\\/www.theonceandfuturecripple.com\\\/sk\\\/som-postihnuta-a-tepla-a-som-na-to-hrda\\\/#respond\"]}]},{\"@type\":\"WebPage\",\"@id\":\"https:\\\/\\\/www.theonceandfuturecripple.com\\\/sk\\\/som-postihnuta-a-tepla-a-som-na-to-hrda\\\/\",\"url\":\"https:\\\/\\\/www.theonceandfuturecripple.com\\\/sk\\\/som-postihnuta-a-tepla-a-som-na-to-hrda\\\/\",\"name\":\"Som postihnut\u00e1 a tepl\u00e1 a som na to hrd\u00e1 - The Once and Future Cripple SK\",\"isPartOf\":{\"@id\":\"https:\\\/\\\/www.theonceandfuturecripple.com\\\/sk\\\/#website\"},\"datePublished\":\"2022-01-16T11:30:00+00:00\",\"dateModified\":\"2022-01-16T14:15:38+00:00\",\"description\":\"Dospel\u00ed postihnut\u00ed \u013eudia existuj\u00fa. A rovnako ako dospel\u00ed zdrav\u00ed \u013eudia, sme sexu\u00e1lne bytosti, schopn\u00e9 rozozna\u0165, kto n\u00e1s pri\u0165ahuje, zamilova\u0165 sa a ma\u0165 dobrovo\u013en\u00fd sex. Ak povieme, \u017ee sme tepl\u00ed, tak sme tepl\u00ed. Nie sme zm\u00e4ten\u00ed, nikto n\u00e1s nezmanipuloval ani inak neprin\u00fatil k z\u00e1ujmu o opa\u010dn\u00e9 pohlavie (alebo viac pohlav\u00ed) o ni\u010d viac ne\u017e zdrav\u00e9ho queer \u010dloveka.\",\"breadcrumb\":{\"@id\":\"https:\\\/\\\/www.theonceandfuturecripple.com\\\/sk\\\/som-postihnuta-a-tepla-a-som-na-to-hrda\\\/#breadcrumb\"},\"inLanguage\":\"sk-SK\",\"potentialAction\":[{\"@type\":\"ReadAction\",\"target\":[\"https:\\\/\\\/www.theonceandfuturecripple.com\\\/sk\\\/som-postihnuta-a-tepla-a-som-na-to-hrda\\\/\"]}]},{\"@type\":\"BreadcrumbList\",\"@id\":\"https:\\\/\\\/www.theonceandfuturecripple.com\\\/sk\\\/som-postihnuta-a-tepla-a-som-na-to-hrda\\\/#breadcrumb\",\"itemListElement\":[{\"@type\":\"ListItem\",\"position\":1,\"name\":\"Home\",\"item\":\"https:\\\/\\\/www.theonceandfuturecripple.com\\\/sk\\\/\"},{\"@type\":\"ListItem\",\"position\":2,\"name\":\"Som postihnut\u00e1 a tepl\u00e1 a som na to hrd\u00e1\"}]},{\"@type\":\"WebSite\",\"@id\":\"https:\\\/\\\/www.theonceandfuturecripple.com\\\/sk\\\/#website\",\"url\":\"https:\\\/\\\/www.theonceandfuturecripple.com\\\/sk\\\/\",\"name\":\"The Once and Future Cripple SK\",\"description\":\"Som tepl\u00e1 a postihnut\u00e1, preto p\u00ed\u0161em o v\u00fdzname rovnosti.\",\"publisher\":{\"@id\":\"https:\\\/\\\/www.theonceandfuturecripple.com\\\/sk\\\/#organization\"},\"potentialAction\":[{\"@type\":\"SearchAction\",\"target\":{\"@type\":\"EntryPoint\",\"urlTemplate\":\"https:\\\/\\\/www.theonceandfuturecripple.com\\\/sk\\\/?s={search_term_string}\"},\"query-input\":{\"@type\":\"PropertyValueSpecification\",\"valueRequired\":true,\"valueName\":\"search_term_string\"}}],\"inLanguage\":\"sk-SK\"},{\"@type\":\"Organization\",\"@id\":\"https:\\\/\\\/www.theonceandfuturecripple.com\\\/sk\\\/#organization\",\"name\":\"The Once and Future Cripple SK\",\"url\":\"https:\\\/\\\/www.theonceandfuturecripple.com\\\/sk\\\/\",\"logo\":{\"@type\":\"ImageObject\",\"inLanguage\":\"sk-SK\",\"@id\":\"https:\\\/\\\/www.theonceandfuturecripple.com\\\/sk\\\/#\\\/schema\\\/logo\\\/image\\\/\",\"url\":\"https:\\\/\\\/www.theonceandfuturecripple.com\\\/sk\\\/wp-content\\\/uploads\\\/sites\\\/2\\\/2021\\\/10\\\/logo.png\",\"contentUrl\":\"https:\\\/\\\/www.theonceandfuturecripple.com\\\/sk\\\/wp-content\\\/uploads\\\/sites\\\/2\\\/2021\\\/10\\\/logo.png\",\"width\":790,\"height\":630,\"caption\":\"The Once and Future Cripple SK\"},\"image\":{\"@id\":\"https:\\\/\\\/www.theonceandfuturecripple.com\\\/sk\\\/#\\\/schema\\\/logo\\\/image\\\/\"},\"sameAs\":[\"https:\\\/\\\/www.facebook.com\\\/onceandfuturecripple\",\"https:\\\/\\\/www.instagram.com\\\/onceandfuturecripple\\\/\"]},{\"@type\":\"Person\",\"@id\":\"https:\\\/\\\/www.theonceandfuturecripple.com\\\/sk\\\/#\\\/schema\\\/person\\\/1c6d55c93b75553842f359c4ed0242c5\",\"name\":\"Kristina Lucien\",\"image\":{\"@type\":\"ImageObject\",\"inLanguage\":\"sk-SK\",\"@id\":\"https:\\\/\\\/secure.gravatar.com\\\/avatar\\\/b639c99eba47100f3812fc636a2d4a877ea587386fa5b87de4e2dd3acf18764a?s=96&d=mm&r=g\",\"url\":\"https:\\\/\\\/secure.gravatar.com\\\/avatar\\\/b639c99eba47100f3812fc636a2d4a877ea587386fa5b87de4e2dd3acf18764a?s=96&d=mm&r=g\",\"contentUrl\":\"https:\\\/\\\/secure.gravatar.com\\\/avatar\\\/b639c99eba47100f3812fc636a2d4a877ea587386fa5b87de4e2dd3acf18764a?s=96&d=mm&r=g\",\"caption\":\"Kristina Lucien\"},\"description\":\"Som tepl\u00e1 aktivistka s detskou mozgovou obrnou. Na tomto blogu sa do\u010d\u00edtate, pre\u010do som hrd\u00e1 na to, \u017ee som postihnut\u00e1 a bisexu\u00e1lna, napriek tomu, \u017ee odo m\u0148a spolo\u010dnos\u0165 o\u010dak\u00e1va, \u017ee sa za oboje budem hanbi\u0165.\",\"url\":\"https:\\\/\\\/www.theonceandfuturecripple.com\\\/sk\\\/author\\\/lady48amira\\\/\"}]}<\/script>\n<!-- \/ Yoast SEO plugin. -->","yoast_head_json":{"title":"Som postihnut\u00e1 a tepl\u00e1 a som na to hrd\u00e1 - The Once and Future Cripple SK","description":"Dospel\u00ed postihnut\u00ed \u013eudia existuj\u00fa. A rovnako ako dospel\u00ed zdrav\u00ed \u013eudia, sme sexu\u00e1lne bytosti, schopn\u00e9 rozozna\u0165, kto n\u00e1s pri\u0165ahuje, zamilova\u0165 sa a ma\u0165 dobrovo\u013en\u00fd sex. Ak povieme, \u017ee sme tepl\u00ed, tak sme tepl\u00ed. Nie sme zm\u00e4ten\u00ed, nikto n\u00e1s nezmanipuloval ani inak neprin\u00fatil k z\u00e1ujmu o opa\u010dn\u00e9 pohlavie (alebo viac pohlav\u00ed) o ni\u010d viac ne\u017e zdrav\u00e9ho queer \u010dloveka.","robots":{"index":"index","follow":"follow","max-snippet":"max-snippet:-1","max-image-preview":"max-image-preview:large","max-video-preview":"max-video-preview:-1"},"canonical":"https:\/\/www.theonceandfuturecripple.com\/sk\/som-postihnuta-a-tepla-a-som-na-to-hrda\/","og_locale":"sk_SK","og_type":"article","og_title":"Som postihnut\u00e1 a tepl\u00e1 a som na to hrd\u00e1 - The Once and Future Cripple SK","og_description":"Dospel\u00ed postihnut\u00ed \u013eudia existuj\u00fa. A rovnako ako dospel\u00ed zdrav\u00ed \u013eudia, sme sexu\u00e1lne bytosti, schopn\u00e9 rozozna\u0165, kto n\u00e1s pri\u0165ahuje, zamilova\u0165 sa a ma\u0165 dobrovo\u013en\u00fd sex. Ak povieme, \u017ee sme tepl\u00ed, tak sme tepl\u00ed. Nie sme zm\u00e4ten\u00ed, nikto n\u00e1s nezmanipuloval ani inak neprin\u00fatil k z\u00e1ujmu o opa\u010dn\u00e9 pohlavie (alebo viac pohlav\u00ed) o ni\u010d viac ne\u017e zdrav\u00e9ho queer \u010dloveka.","og_url":"https:\/\/www.theonceandfuturecripple.com\/sk\/som-postihnuta-a-tepla-a-som-na-to-hrda\/","og_site_name":"The Once and Future Cripple SK","article_publisher":"https:\/\/www.facebook.com\/onceandfuturecripple","article_published_time":"2022-01-16T11:30:00+00:00","article_modified_time":"2022-01-16T14:15:38+00:00","og_image":[{"width":953,"height":500,"url":"https:\/\/www.theonceandfuturecripple.com\/sk\/wp-content\/uploads\/sites\/2\/2022\/01\/fb-link.png","type":"image\/png"}],"author":"Kristina Lucien","twitter_card":"summary_large_image","twitter_misc":{"Autor":"Kristina Lucien","Predpokladan\u00fd \u010das \u010d\u00edtania":"7 min\u00fat"},"schema":{"@context":"https:\/\/schema.org","@graph":[{"@type":"Article","@id":"https:\/\/www.theonceandfuturecripple.com\/sk\/som-postihnuta-a-tepla-a-som-na-to-hrda\/#article","isPartOf":{"@id":"https:\/\/www.theonceandfuturecripple.com\/sk\/som-postihnuta-a-tepla-a-som-na-to-hrda\/"},"author":{"name":"Kristina Lucien","@id":"https:\/\/www.theonceandfuturecripple.com\/sk\/#\/schema\/person\/1c6d55c93b75553842f359c4ed0242c5"},"headline":"Som postihnut\u00e1 a tepl\u00e1 a som na to hrd\u00e1","datePublished":"2022-01-16T11:30:00+00:00","dateModified":"2022-01-16T14:15:38+00:00","mainEntityOfPage":{"@id":"https:\/\/www.theonceandfuturecripple.com\/sk\/som-postihnuta-a-tepla-a-som-na-to-hrda\/"},"wordCount":1512,"commentCount":3,"publisher":{"@id":"https:\/\/www.theonceandfuturecripple.com\/sk\/#organization"},"articleSection":["V\u00fdprava za rovnos\u0165ou"],"inLanguage":"sk-SK","potentialAction":[{"@type":"CommentAction","name":"Comment","target":["https:\/\/www.theonceandfuturecripple.com\/sk\/som-postihnuta-a-tepla-a-som-na-to-hrda\/#respond"]}]},{"@type":"WebPage","@id":"https:\/\/www.theonceandfuturecripple.com\/sk\/som-postihnuta-a-tepla-a-som-na-to-hrda\/","url":"https:\/\/www.theonceandfuturecripple.com\/sk\/som-postihnuta-a-tepla-a-som-na-to-hrda\/","name":"Som postihnut\u00e1 a tepl\u00e1 a som na to hrd\u00e1 - The Once and Future Cripple SK","isPartOf":{"@id":"https:\/\/www.theonceandfuturecripple.com\/sk\/#website"},"datePublished":"2022-01-16T11:30:00+00:00","dateModified":"2022-01-16T14:15:38+00:00","description":"Dospel\u00ed postihnut\u00ed \u013eudia existuj\u00fa. A rovnako ako dospel\u00ed zdrav\u00ed \u013eudia, sme sexu\u00e1lne bytosti, schopn\u00e9 rozozna\u0165, kto n\u00e1s pri\u0165ahuje, zamilova\u0165 sa a ma\u0165 dobrovo\u013en\u00fd sex. Ak povieme, \u017ee sme tepl\u00ed, tak sme tepl\u00ed. Nie sme zm\u00e4ten\u00ed, nikto n\u00e1s nezmanipuloval ani inak neprin\u00fatil k z\u00e1ujmu o opa\u010dn\u00e9 pohlavie (alebo viac pohlav\u00ed) o ni\u010d viac ne\u017e zdrav\u00e9ho queer \u010dloveka.","breadcrumb":{"@id":"https:\/\/www.theonceandfuturecripple.com\/sk\/som-postihnuta-a-tepla-a-som-na-to-hrda\/#breadcrumb"},"inLanguage":"sk-SK","potentialAction":[{"@type":"ReadAction","target":["https:\/\/www.theonceandfuturecripple.com\/sk\/som-postihnuta-a-tepla-a-som-na-to-hrda\/"]}]},{"@type":"BreadcrumbList","@id":"https:\/\/www.theonceandfuturecripple.com\/sk\/som-postihnuta-a-tepla-a-som-na-to-hrda\/#breadcrumb","itemListElement":[{"@type":"ListItem","position":1,"name":"Home","item":"https:\/\/www.theonceandfuturecripple.com\/sk\/"},{"@type":"ListItem","position":2,"name":"Som postihnut\u00e1 a tepl\u00e1 a som na to hrd\u00e1"}]},{"@type":"WebSite","@id":"https:\/\/www.theonceandfuturecripple.com\/sk\/#website","url":"https:\/\/www.theonceandfuturecripple.com\/sk\/","name":"The Once and Future Cripple SK","description":"Som tepl\u00e1 a postihnut\u00e1, preto p\u00ed\u0161em o v\u00fdzname rovnosti.","publisher":{"@id":"https:\/\/www.theonceandfuturecripple.com\/sk\/#organization"},"potentialAction":[{"@type":"SearchAction","target":{"@type":"EntryPoint","urlTemplate":"https:\/\/www.theonceandfuturecripple.com\/sk\/?s={search_term_string}"},"query-input":{"@type":"PropertyValueSpecification","valueRequired":true,"valueName":"search_term_string"}}],"inLanguage":"sk-SK"},{"@type":"Organization","@id":"https:\/\/www.theonceandfuturecripple.com\/sk\/#organization","name":"The Once and Future Cripple SK","url":"https:\/\/www.theonceandfuturecripple.com\/sk\/","logo":{"@type":"ImageObject","inLanguage":"sk-SK","@id":"https:\/\/www.theonceandfuturecripple.com\/sk\/#\/schema\/logo\/image\/","url":"https:\/\/www.theonceandfuturecripple.com\/sk\/wp-content\/uploads\/sites\/2\/2021\/10\/logo.png","contentUrl":"https:\/\/www.theonceandfuturecripple.com\/sk\/wp-content\/uploads\/sites\/2\/2021\/10\/logo.png","width":790,"height":630,"caption":"The Once and Future Cripple SK"},"image":{"@id":"https:\/\/www.theonceandfuturecripple.com\/sk\/#\/schema\/logo\/image\/"},"sameAs":["https:\/\/www.facebook.com\/onceandfuturecripple","https:\/\/www.instagram.com\/onceandfuturecripple\/"]},{"@type":"Person","@id":"https:\/\/www.theonceandfuturecripple.com\/sk\/#\/schema\/person\/1c6d55c93b75553842f359c4ed0242c5","name":"Kristina Lucien","image":{"@type":"ImageObject","inLanguage":"sk-SK","@id":"https:\/\/secure.gravatar.com\/avatar\/b639c99eba47100f3812fc636a2d4a877ea587386fa5b87de4e2dd3acf18764a?s=96&d=mm&r=g","url":"https:\/\/secure.gravatar.com\/avatar\/b639c99eba47100f3812fc636a2d4a877ea587386fa5b87de4e2dd3acf18764a?s=96&d=mm&r=g","contentUrl":"https:\/\/secure.gravatar.com\/avatar\/b639c99eba47100f3812fc636a2d4a877ea587386fa5b87de4e2dd3acf18764a?s=96&d=mm&r=g","caption":"Kristina Lucien"},"description":"Som tepl\u00e1 aktivistka s detskou mozgovou obrnou. Na tomto blogu sa do\u010d\u00edtate, pre\u010do som hrd\u00e1 na to, \u017ee som postihnut\u00e1 a bisexu\u00e1lna, napriek tomu, \u017ee odo m\u0148a spolo\u010dnos\u0165 o\u010dak\u00e1va, \u017ee sa za oboje budem hanbi\u0165.","url":"https:\/\/www.theonceandfuturecripple.com\/sk\/author\/lady48amira\/"}]}},"_links":{"self":[{"href":"https:\/\/www.theonceandfuturecripple.com\/sk\/wp-json\/wp\/v2\/posts\/350","targetHints":{"allow":["GET"]}}],"collection":[{"href":"https:\/\/www.theonceandfuturecripple.com\/sk\/wp-json\/wp\/v2\/posts"}],"about":[{"href":"https:\/\/www.theonceandfuturecripple.com\/sk\/wp-json\/wp\/v2\/types\/post"}],"author":[{"embeddable":true,"href":"https:\/\/www.theonceandfuturecripple.com\/sk\/wp-json\/wp\/v2\/users\/5"}],"replies":[{"embeddable":true,"href":"https:\/\/www.theonceandfuturecripple.com\/sk\/wp-json\/wp\/v2\/comments?post=350"}],"version-history":[{"count":3,"href":"https:\/\/www.theonceandfuturecripple.com\/sk\/wp-json\/wp\/v2\/posts\/350\/revisions"}],"predecessor-version":[{"id":354,"href":"https:\/\/www.theonceandfuturecripple.com\/sk\/wp-json\/wp\/v2\/posts\/350\/revisions\/354"}],"wp:attachment":[{"href":"https:\/\/www.theonceandfuturecripple.com\/sk\/wp-json\/wp\/v2\/media?parent=350"}],"wp:term":[{"taxonomy":"category","embeddable":true,"href":"https:\/\/www.theonceandfuturecripple.com\/sk\/wp-json\/wp\/v2\/categories?post=350"},{"taxonomy":"post_tag","embeddable":true,"href":"https:\/\/www.theonceandfuturecripple.com\/sk\/wp-json\/wp\/v2\/tags?post=350"}],"curies":[{"name":"wp","href":"https:\/\/api.w.org\/{rel}","templated":true}]}}