{"id":356,"date":"2022-01-23T01:20:00","date_gmt":"2022-01-23T01:20:00","guid":{"rendered":"https:\/\/www.theonceandfuturecripple.com\/sk\/?p=356"},"modified":"2022-01-23T12:00:33","modified_gmt":"2022-01-23T12:00:33","slug":"ako-postihnuta-zena-pracu-hladala-a-ableizmus-nasla","status":"publish","type":"post","link":"https:\/\/www.theonceandfuturecripple.com\/sk\/ako-postihnuta-zena-pracu-hladala-a-ableizmus-nasla\/","title":{"rendered":"Ako postihnut\u00e1 \u017eena pr\u00e1cu h\u013eadala a ableizmus na\u0161la"},"content":{"rendered":"\n<p>Ke\u010f postihnut\u00ed \u013eudia hovoria o&nbsp;diskrimin\u00e1cii, zdrav\u00ed si automaticky predstavia budovu bez v\u00fd\u0165ahu, len\u017ee ableizmus m\u00e1 aj mnoho in\u00fdch pod\u00f4b. Stereotypy a&nbsp;predsudky v&nbsp;spolo\u010dnosti sa \u010dasto prekon\u00e1vaj\u00fa omnoho \u0165a\u017e\u0161ie ako fyzick\u00e9 bari\u00e9ry. Pracovisk\u00e1 a&nbsp;trh pr\u00e1ce s\u00fa ich nane\u0161\u0165astie pln\u00e9.<\/p>\n\n\n\n<p>&nbsp;V&nbsp;tejto s\u00e9rii v\u00e1m prinesiem ne\u00fapln\u00fd (preto\u017ee \u00fapln\u00fd by bol dlh\u0161\u00ed ako rukopis Na ceste od Jacka Kerouaca) zoznam ableistick\u00fdch predsudkov, s&nbsp;ktor\u00fdmi sa postihnut\u00ed \u013eudia be\u017ene stret\u00e1vaj\u00fa pri h\u013eadan\u00ed pr\u00e1ce a&nbsp;v&nbsp;zamestnan\u00ed. &nbsp;<\/p>\n\n\n\n<h2 class=\"wp-block-heading\">\u201ePersonalista\u201c od Edvarda Muncha<\/h2>\n\n\n\n<p>Za\u010dnem mojimi vlastn\u00fdmi sk\u00fasenos\u0165ami s&nbsp;h\u013eadan\u00edm pr\u00e1ce v&nbsp;Bratislave. Po skon\u010den\u00ed \u0161koly som pracovala v&nbsp;Amnesty International Slovensko ako koordin\u00e1torka Marat\u00f3nu p\u00edsania listov. I\u0161lo o&nbsp;pr\u00e1cu na dobu ur\u010dit\u00fa, po\u010das trvania danej kampane, ke\u010f skon\u010dila, musela som si h\u013eada\u0165 in\u00e9 miesto.<\/p>\n\n\n\n<p>\u0160la som na nieko\u013eko pohovorov a&nbsp;v\u0161etky prebiehali podobne. Cez telef\u00f3n potenci\u00e1lni zamestn\u00e1vatelia do jedn\u00e9ho tvrdili, \u017ee na nich moje vzdelanie a&nbsp;sk\u00fasenosti spravili ve\u013emi dobr\u00fd dojem a&nbsp;boli celkovo mil\u00ed. Tak\u017ee som na za\u010diatku videla svoje \u0161ance pomerne ru\u017eovo. Ale len do chv\u00edle, k\u00fdm som pri\u0161la na pohovor.<br>Na Slovensku svoje postihnutie v&nbsp;\u017eivotopisoch a&nbsp;motiva\u010dn\u00fdch listoch rad\u0161ej nespom\u00edname, preto\u017ee by n\u00e1s nikto nikdy na pohovor nepozval. Ke\u010f potenci\u00e1lni zamestn\u00e1vatelia zistili, \u017ee som postihnut\u00e1, ich tv\u00e1re sa v&nbsp;okamihu zmenili na sl\u00e1vny obraz od Edvarda Muncha. Atmosf\u00e9ra zhustla a&nbsp;viac sa mi neozvali. \u010co vrav\u00edte? Mo\u017eno mali lep\u0161\u00edch kandid\u00e1tov? Mo\u017en\u00e9 to je. Mo\u017eno ich v\u0161etci nevhodn\u00ed kandid\u00e1ti vydesili tak ve\u013emi ako ja, a&nbsp;mo\u017eno boli iba ableisti.<\/p>\n\n\n\n<h2 class=\"wp-block-heading\">Ak s&nbsp;vami budeme spokojn\u00ed, mo\u017eno zarob\u00edte dos\u0165 na zaplatenie n\u00e1jmu<\/h2>\n\n\n\n<p>Pokra\u010dovala som v&nbsp;h\u013eadan\u00ed, a\u017e k\u00fdm som nenarazila na ponuku pr\u00e1ce knihovn\u00ed\u010dky v&nbsp;jednej z bratislavsk\u00fdch kni\u017en\u00edc. Mala som po\u017eadovan\u00e9 zru\u010dnosti aj vedomosti a&nbsp;dokonca vy\u0161\u0161iu kvalifik\u00e1ciu ako bola potrebn\u00e1, ke\u010f\u017ee nevy\u017eadovali vysoko\u0161kolsk\u00fd titul. Jedin\u00fd probl\u00e9m bol, \u017ee som s&nbsp;touto pr\u00e1cou nemala \u017eiadne sk\u00fasenosti. A&nbsp;som postihnut\u00e1.<\/p>\n\n\n\n<p>N\u00e1pl\u0148 pr\u00e1ce zah\u0155\u0148ala zop\u00e1r manu\u00e1lnych \u00fakonov: odkladanie kn\u00edh nasp\u00e4\u0165 na police, &nbsp;ob\u010dasn\u00e9 chodenie po schodoch (hoci v&nbsp;budove bol v\u00fd\u0165ah) a&nbsp;podobne. Povedala som personalistke, \u017ee toto v\u0161etko bez probl\u00e9mov zvl\u00e1dnem, ale pod\u013ea jej v\u00fdrazu bolo jasn\u00e9, \u017ee mi never\u00ed. Z&nbsp;pohovoru som teda odi\u0161la bez v\u00e4\u010d\u0161\u00edch o\u010dak\u00e1van\u00ed. O&nbsp;nieko\u013eko hod\u00edn nesk\u00f4r mi zazvonil mobil. Volala pani personalistka aby mi&nbsp;pon\u00fakla pr\u00e1cu, malo to v\u0161ak h\u00e1\u010dik: \u201eKe\u010f\u017ee ste nikdy ni\u010d podobn\u00e9 nerobili, na za\u010diatok v\u00e1s zamestn\u00e1me iba na polovi\u010dn\u00fd \u00fav\u00e4zok. Budete si tak m\u00f4c\u0165 vysk\u00fa\u0161a\u0165, \u010di to zvl\u00e1dnete. Ak s&nbsp;vami budeme spokojn\u00ed, po troch mesiacoch v\u00e1s vezmeme na pln\u00fd \u00fav\u00e4zok.\u201c<\/p>\n\n\n\n<p>\u017di\u0165 z&nbsp;polovi\u010dky minim\u00e1lnej mzdy v&nbsp;podn\u00e1jme v&nbsp;hlavnom meste neznelo ktovieako, ale ke\u010f\u017ee to malo by\u0165 iba do\u010dasn\u00e9 a&nbsp;ja som mala nejak\u00e9 \u00faspory, ponuku som prijala.<\/p>\n\n\n\n<h2 class=\"wp-block-heading\">Zamestnali sme ju na polovi\u010dn\u00fd \u00fav\u00e4zok a&nbsp;mala by n\u00e1m by\u0165 za to v\u010fa\u010dn\u00e1<\/h2>\n\n\n\n<p>Pre\u0161li \u0161tyri mesiace a&nbsp;moja \u0161\u00e9fka aj kolegyne so mnou boli o\u010dividne spokojn\u00e9, ale o&nbsp;navy\u0161ovan\u00ed \u00fav\u00e4zku nepadlo&nbsp;ani slovo. Jedn\u00e9ho d\u0148a mi \u0161\u00e9fka spomenula, \u017ee bude musie\u0165 n\u00e1js\u0165 \u010fal\u0161ieho \u010dloveka na polovi\u010dn\u00fd \u00fav\u00e4zok, ke\u010f\u017ee p\u00f4vodne h\u013eadali niekoho na pln\u00fd. Sp\u00fdtala som sa pre\u010do mi teda nenav\u00fd\u0161i \u00fav\u00e4zok, tak ako sme sa dohodli, ke\u010f som vzala t\u00fato pr\u00e1cu. Uk\u00e1zalo sa, \u017ee ona o&nbsp;dohode medzi mnou a&nbsp;pani personalistkou v\u00f4bec ni\u010d nevedela. Myslela si, \u017ee som dostala pr\u00e1cu na polovi\u010dn\u00fd \u00fav\u00e4zok, lebo som to tak chcela. Povedala, \u017ee od bud\u00faceho t\u00fd\u017ed\u0148a budem teda pracova\u0165 na pln\u00fd \u00fav\u00e4zok a&nbsp;vybrala sa na person\u00e1lne, dohodn\u00fa\u0165 detaily.<\/p>\n\n\n\n<p>Vr\u00e1tila sa asi o&nbsp;polhodinku s&nbsp;porazeneck\u00fdm v\u00fdrazom na tv\u00e1ri. Personalistka vraj vyhl\u00e1sila, \u017ee mi nikdy \u017eiadne navy\u0161ovanie \u00fav\u00e4zku po troch mesiacoch nes\u013e\u00fabila: \u201eZamestnali sme ju na polovi\u010dn\u00fd \u00fav\u00e4zok a&nbsp;mala by n\u00e1m by\u0165 za to v\u010fa\u010dn\u00e1!\u201c<\/p>\n\n\n\n<p>Ke\u010f som sa o&nbsp;tom nesk\u00f4r rozpr\u00e1vala s&nbsp;kolegy\u0148ami, jedna z&nbsp;nich povedala, \u017ee vedenie pravdepodobne st\u00e1le d\u00fafa, \u017ee sa im podar\u00ed n\u00e1js\u0165 niekoho zdrav\u00e9ho.<\/p>\n\n\n\n<p>Napokon som z&nbsp;kni\u017enice aj z&nbsp;krajiny odi\u0161la po roku pr\u00e1ce za polovicu minim\u00e1lnej mzdy.<\/p>\n\n\n\n<p>Tento pr\u00edbeh nie je ojedinel\u00fd. Postihnut\u00ed \u013eudia sa na pohovoroch takmer v\u017edy stretn\u00fa s&nbsp;rovnak\u00fdm zhrozen\u00fdm v\u00fdrazom a ke\u010f hovor\u00edme o&nbsp;na\u0161ich zru\u010dnostiach a&nbsp;schopnostiach personalisti \u010di zamestn\u00e1vatelia n\u00e1s \u010dasto podozrievaj\u00fa z&nbsp;klamstva.<\/p>\n\n\n\n<h2 class=\"wp-block-heading\">Vy ne\u017eijete s&nbsp;rodi\u010dmi?!<\/h2>\n\n\n\n<p>Ke\u010f som sa na pani personalistku \u0161la s\u0165a\u017eova\u0165 riadite\u013eovi kni\u017enice, povedala som mu, \u017ee z&nbsp;265 eur mesa\u010dne sa v&nbsp;podn\u00e1jme v&nbsp;hlavnom meste naozaj \u017ei\u0165 ned\u00e1.<br>\u201eVy \u017eijete v&nbsp;podn\u00e1jme?\u201c \u010dudoval sa riadite\u013e. \u201eJa som si myslel, \u017ee b\u00fdvate s&nbsp;rodi\u010dmi. Nemali by v\u00e1s \u017eivi\u0165 oni?\u201c<\/p>\n\n\n\n<p>Predstava, \u017ee postihnut\u00fd \u010dlovek bude aj v&nbsp;dospelosti st\u00e1le b\u00fdva\u0165 s&nbsp;rodi\u010dmi, je \u010fal\u0161\u00ed ableistick\u00fd stereotyp. Chceli by ste do konca \u017eivota \u017ei\u0165 s&nbsp;rodi\u010dmi? Alebo si od nich ka\u017ed\u00fd mesiac p\u00fdta\u0165 peniaze na n\u00e1jom? Ani ja nie. Postihnut\u00ed dospel\u00ed maj\u00fa rovnak\u00fa potrebu a&nbsp;pr\u00e1vo \u017ei\u0165 samostatne ako v\u0161etci ostatn\u00ed. Ale na to, by sme najprv potrebovali pr\u00e1cu na pln\u00fd \u00fav\u00e4zok.<\/p>\n\n\n\n<p>Neh\u013ead\u00e1me si pr\u00e1cu, lebo sa doma nud\u00edme, mus\u00edme plati\u0165 \u00fa\u010dty. Ke\u010f zamestn\u00e1te postihnut\u00e9ho \u010dloveka, neposkytujete mu t\u00fdm \u017eiadnu \u0161k\u00f4lku pre dospel\u00fdch a&nbsp;nie je to ani charita. Postihnut\u00ed \u013eudia prin\u00e1\u0161aj\u00fa na pracovisko svoje vedomosti, zru\u010dnosti a&nbsp;odbornos\u0165. Na\u0161a pr\u00e1ca m\u00e1 hodnotu a&nbsp;zasl\u00fa\u017eime si za \u0148u adekv\u00e1tnu odmenu.<\/p>\n\n\n\n<p>A&nbsp;ak hlavnou n\u00e1pl\u0148ou pr\u00e1ce nie je pod\u00e1va\u0165 n\u00e1ro\u010dn\u00fd fyzick\u00fd v\u00fdkon, zdrav\u00ed \u013eudia ju nebud\u00fa vykon\u00e1va\u0165 lep\u0161ie iba preto, \u017ee s\u00fa zdrav\u00ed.<\/p>\n\n\n\n<h2 class=\"wp-block-heading\">Ako neby\u0165 ableista pri h\u013eadan\u00ed nov\u00fdch zamestnancov<\/h2>\n\n\n\n<p>\u010co teda m\u00f4\u017eete urobi\u0165, aby ste sa pri prij\u00edman\u00ed nov\u00fdch \u013eud\u00ed vyhli ableizmu?<\/p>\n\n\n\n<p>V&nbsp;prvom rade verte postihnut\u00fdm uch\u00e1dza\u010dom, ke\u010f v\u00e1m povedia, \u017ee dan\u00fa pr\u00e1cu fyzicky zvl\u00e1dnu. Ka\u017ed\u00fd postihnut\u00fd \u010dlovek najlep\u0161ie vie, \u010doho je schopn\u00fd. Nikdy by sme sa neuch\u00e1dzali o&nbsp;pr\u00e1cu, ktor\u00fa by sme nezvl\u00e1dli. Hl\u00e1sili by ste sa na poz\u00edciu plav\u010d\u00edka, ak neviete pl\u00e1va\u0165? Toto je to ist\u00e9.<\/p>\n\n\n\n<p>A&nbsp;po druh\u00e9, nepredpokladajte, \u017ee zdrav\u00ed \u013eudia bud\u00fa automaticky vo v\u0161etkom lep\u0161\u00ed. Va\u0161a schopnos\u0165 uteka\u0165 z&nbsp;v\u00e1s nesprav\u00ed lep\u0161ieho aktivistu. <\/p>\n\n\n\n<p>Na druhej strane moje sk\u00fasenosti s&nbsp;diskrimin\u00e1ciou sa mi pri tejto pr\u00e1ci rozhodne z\u00eddu. &nbsp;&nbsp;&nbsp;<\/p>\n\n\n\n<div class=\"wp-block-group\"><div class=\"wp-block-group__inner-container is-layout-flow wp-block-group-is-layout-flow\">\n<hr class=\"wp-block-separator is-style-default\"\/>\n\n\n\n<p class=\"has-text-align-center\" id=\"soc-text\">Sledujte moje soci\u00e1lne siete alebo zdie\u013eajte tento \u010dl\u00e1nok<\/p>\n\n\n\n<div class=\"follow\"> <iframe loading=\"lazy\" class=\"fblike\" src=\"https:\/\/www.facebook.com\/plugins\/like.php?href=https%3A%2F%2Fwww.facebook.com%2Fonceandfuturecripple&amp;width=90&amp;layout=button_count&amp;action=like&amp;size=small&amp;share=false&amp;height=21&amp;appId\" width=\"90\" height=\"21\" style=\"border:none;overflow:hidden\" scrolling=\"no\" frameborder=\"0\" allowfullscreen=\"true\" allow=\"autoplay; clipboard-write; encrypted-media; picture-in-picture; web-share\"><\/iframe> <a class=\"igfollow\" href=\"https:\/\/www.instagram.com\/onceandfuturecripple\/\"><img decoding=\"async\" src=\"https:\/\/www.theonceandfuturecripple.com\/wp-content\/uploads\/2021\/10\/IG-follow-SK-bold.png\" alt=\"instagram\"><\/a><\/div>\n<\/div><\/div>\n\n\n\n<iframe loading=\"lazy\" class=\"fbshare\" src=\"https:\/\/www.facebook.com\/plugins\/share_button.php?href=https%3A%2F%2Fwww.theonceandfuturecripple.com%2Fsk%2Fako-postihnuta-zena-pracu-hladala-a-ableizmus-nasla%2F&amp;layout=button_count&amp;size=small&amp;width=78&amp;height=20&amp;appId\" style=\"border:none;overflow:hidden\" scrolling=\"no\" allowfullscreen=\"true\" allow=\"autoplay; clipboard-write; encrypted-media; picture-in-picture; web-share\" width=\"78\" height=\"20\" frameborder=\"0\"><\/iframe>\n","protected":false},"excerpt":{"rendered":"<p>Ke\u010f postihnut\u00ed \u013eudia hovoria o&nbsp;diskrimin\u00e1cii, zdrav\u00ed si automaticky predstavia budovu bez v\u00fd\u0165ahu, len\u017ee ableizmus m\u00e1 aj mnoho in\u00fdch pod\u00f4b. Stereotypy a&nbsp;predsudky v&nbsp;spolo\u010dnosti sa \u010dasto prekon\u00e1vaj\u00fa omnoho \u0165a\u017e\u0161ie ako fyzick\u00e9 bari\u00e9ry. Pracovisk\u00e1 a&nbsp;trh pr\u00e1ce s\u00fa ich nane\u0161\u0165astie pln\u00e9. &nbsp;V&nbsp;tejto s\u00e9rii v\u00e1m prinesiem ne\u00fapln\u00fd (preto\u017ee \u00fapln\u00fd by bol dlh\u0161\u00ed ako rukopis Na ceste od Jacka Kerouaca) zoznam ableistick\u00fdch predsudkov, s&nbsp;ktor\u00fdmi sa postihnut\u00ed \u013eudia be\u017ene stret\u00e1vaj\u00fa pri h\u013eadan\u00ed pr\u00e1ce a&nbsp;v&nbsp;zamestnan\u00ed. &nbsp; \u201ePersonalista\u201c od Edvarda Muncha Za\u010dnem mojimi vlastn\u00fdmi sk\u00fasenos\u0165ami s&nbsp;h\u013eadan\u00edm pr\u00e1ce v&nbsp;Bratislave. Po skon\u010den\u00ed \u0161koly som pracovala v&nbsp;Amnesty International Slovensko ako koordin\u00e1torka Marat\u00f3nu p\u00edsania listov. I\u0161lo o&nbsp;pr\u00e1cu na dobu ur\u010dit\u00fa, po\u010das trvania danej kampane, ke\u010f skon\u010dila, musela som si h\u013eada\u0165 in\u00e9 miesto. \u0160la som na nieko\u013eko pohovorov a&nbsp;v\u0161etky prebiehali podobne. Cez telef\u00f3n potenci\u00e1lni zamestn\u00e1vatelia do jedn\u00e9ho tvrdili, \u017ee na nich moje vzdelanie a&nbsp;sk\u00fasenosti spravili ve\u013emi dobr\u00fd dojem a&nbsp;boli celkovo mil\u00ed. Tak\u017ee som na za\u010diatku videla svoje \u0161ance pomerne ru\u017eovo. Ale len do chv\u00edle, k\u00fdm som pri\u0161la na pohovor.Na Slovensku svoje postihnutie v&nbsp;\u017eivotopisoch a&nbsp;motiva\u010dn\u00fdch listoch rad\u0161ej nespom\u00edname, preto\u017ee by n\u00e1s nikto nikdy na pohovor nepozval. Ke\u010f potenci\u00e1lni zamestn\u00e1vatelia zistili, \u017ee som postihnut\u00e1, ich tv\u00e1re sa v&nbsp;okamihu zmenili na sl\u00e1vny obraz od Edvarda Muncha. Atmosf\u00e9ra zhustla a&nbsp;viac sa mi neozvali. \u010co vrav\u00edte? Mo\u017eno mali lep\u0161\u00edch kandid\u00e1tov? Mo\u017en\u00e9 to je. Mo\u017eno ich v\u0161etci nevhodn\u00ed kandid\u00e1ti vydesili tak ve\u013emi ako ja, a&nbsp;mo\u017eno boli iba ableisti. Ak s&nbsp;vami budeme spokojn\u00ed, mo\u017eno zarob\u00edte dos\u0165 na zaplatenie n\u00e1jmu Pokra\u010dovala som v&nbsp;h\u013eadan\u00ed, a\u017e k\u00fdm som nenarazila na ponuku pr\u00e1ce knihovn\u00ed\u010dky v&nbsp;jednej z bratislavsk\u00fdch kni\u017en\u00edc. Mala som po\u017eadovan\u00e9 zru\u010dnosti aj vedomosti a&nbsp;dokonca vy\u0161\u0161iu kvalifik\u00e1ciu ako bola potrebn\u00e1, ke\u010f\u017ee nevy\u017eadovali vysoko\u0161kolsk\u00fd titul. Jedin\u00fd probl\u00e9m bol, \u017ee som s&nbsp;touto pr\u00e1cou nemala \u017eiadne sk\u00fasenosti. A&nbsp;som postihnut\u00e1. N\u00e1pl\u0148 pr\u00e1ce zah\u0155\u0148ala zop\u00e1r manu\u00e1lnych \u00fakonov: odkladanie kn\u00edh nasp\u00e4\u0165 na police, &nbsp;ob\u010dasn\u00e9 chodenie po schodoch (hoci v&nbsp;budove bol v\u00fd\u0165ah) a&nbsp;podobne. Povedala som personalistke, \u017ee toto v\u0161etko bez probl\u00e9mov zvl\u00e1dnem, ale pod\u013ea jej v\u00fdrazu bolo jasn\u00e9, \u017ee mi never\u00ed. Z&nbsp;pohovoru som teda odi\u0161la bez v\u00e4\u010d\u0161\u00edch o\u010dak\u00e1van\u00ed. O&nbsp;nieko\u013eko hod\u00edn nesk\u00f4r mi zazvonil mobil. Volala pani personalistka aby mi&nbsp;pon\u00fakla pr\u00e1cu, malo to v\u0161ak h\u00e1\u010dik: \u201eKe\u010f\u017ee ste nikdy ni\u010d podobn\u00e9 nerobili, na za\u010diatok v\u00e1s zamestn\u00e1me iba na polovi\u010dn\u00fd \u00fav\u00e4zok. Budete si tak m\u00f4c\u0165 vysk\u00fa\u0161a\u0165, \u010di to zvl\u00e1dnete. Ak s&nbsp;vami budeme spokojn\u00ed, po troch mesiacoch v\u00e1s vezmeme na pln\u00fd \u00fav\u00e4zok.\u201c \u017di\u0165 z&nbsp;polovi\u010dky minim\u00e1lnej mzdy v&nbsp;podn\u00e1jme v&nbsp;hlavnom meste neznelo ktovieako, ale ke\u010f\u017ee to malo by\u0165 iba do\u010dasn\u00e9 a&nbsp;ja som mala nejak\u00e9 \u00faspory, ponuku som prijala. Zamestnali sme ju na polovi\u010dn\u00fd \u00fav\u00e4zok a&nbsp;mala by n\u00e1m by\u0165 za to v\u010fa\u010dn\u00e1 Pre\u0161li \u0161tyri mesiace a&nbsp;moja \u0161\u00e9fka aj kolegyne so mnou boli o\u010dividne spokojn\u00e9, ale o&nbsp;navy\u0161ovan\u00ed \u00fav\u00e4zku nepadlo&nbsp;ani slovo. Jedn\u00e9ho d\u0148a mi \u0161\u00e9fka spomenula, \u017ee bude musie\u0165 n\u00e1js\u0165 \u010fal\u0161ieho \u010dloveka na polovi\u010dn\u00fd \u00fav\u00e4zok, ke\u010f\u017ee p\u00f4vodne h\u013eadali niekoho na pln\u00fd. Sp\u00fdtala som sa pre\u010do mi teda nenav\u00fd\u0161i \u00fav\u00e4zok, tak ako sme sa dohodli, ke\u010f som vzala t\u00fato pr\u00e1cu. Uk\u00e1zalo sa, \u017ee ona o&nbsp;dohode medzi mnou a&nbsp;pani personalistkou v\u00f4bec ni\u010d nevedela. Myslela si, \u017ee som dostala pr\u00e1cu na polovi\u010dn\u00fd \u00fav\u00e4zok, lebo som to tak chcela. Povedala, \u017ee od bud\u00faceho t\u00fd\u017ed\u0148a budem teda pracova\u0165 na pln\u00fd \u00fav\u00e4zok a&nbsp;vybrala sa na person\u00e1lne, dohodn\u00fa\u0165 detaily. Vr\u00e1tila sa asi o&nbsp;polhodinku s&nbsp;porazeneck\u00fdm v\u00fdrazom na tv\u00e1ri. Personalistka vraj vyhl\u00e1sila, \u017ee mi nikdy \u017eiadne navy\u0161ovanie \u00fav\u00e4zku po troch mesiacoch nes\u013e\u00fabila: \u201eZamestnali sme ju na polovi\u010dn\u00fd \u00fav\u00e4zok a&nbsp;mala by n\u00e1m by\u0165 za to v\u010fa\u010dn\u00e1!\u201c Ke\u010f som sa o&nbsp;tom nesk\u00f4r rozpr\u00e1vala s&nbsp;kolegy\u0148ami, jedna z&nbsp;nich povedala, \u017ee vedenie pravdepodobne st\u00e1le d\u00fafa, \u017ee sa im podar\u00ed n\u00e1js\u0165 niekoho zdrav\u00e9ho. Napokon som z&nbsp;kni\u017enice aj z&nbsp;krajiny odi\u0161la po roku pr\u00e1ce za polovicu minim\u00e1lnej mzdy. Tento pr\u00edbeh nie je ojedinel\u00fd. Postihnut\u00ed \u013eudia sa na pohovoroch takmer v\u017edy stretn\u00fa s&nbsp;rovnak\u00fdm zhrozen\u00fdm v\u00fdrazom a ke\u010f hovor\u00edme o&nbsp;na\u0161ich zru\u010dnostiach a&nbsp;schopnostiach personalisti \u010di zamestn\u00e1vatelia n\u00e1s \u010dasto podozrievaj\u00fa z&nbsp;klamstva. Vy ne\u017eijete s&nbsp;rodi\u010dmi?! Ke\u010f som sa na pani personalistku \u0161la s\u0165a\u017eova\u0165 riadite\u013eovi kni\u017enice, povedala som mu, \u017ee z&nbsp;265 eur mesa\u010dne sa v&nbsp;podn\u00e1jme v&nbsp;hlavnom meste naozaj \u017ei\u0165 ned\u00e1.\u201eVy \u017eijete v&nbsp;podn\u00e1jme?\u201c \u010dudoval sa riadite\u013e. \u201eJa som si myslel, \u017ee b\u00fdvate s&nbsp;rodi\u010dmi. Nemali by v\u00e1s \u017eivi\u0165 oni?\u201c Predstava, \u017ee postihnut\u00fd \u010dlovek bude aj v&nbsp;dospelosti st\u00e1le b\u00fdva\u0165 s&nbsp;rodi\u010dmi, je \u010fal\u0161\u00ed ableistick\u00fd stereotyp. Chceli by ste do konca \u017eivota \u017ei\u0165 s&nbsp;rodi\u010dmi? Alebo si od nich ka\u017ed\u00fd mesiac p\u00fdta\u0165 peniaze na n\u00e1jom? Ani ja nie. Postihnut\u00ed dospel\u00ed maj\u00fa rovnak\u00fa potrebu a&nbsp;pr\u00e1vo \u017ei\u0165 samostatne ako v\u0161etci ostatn\u00ed. Ale na to, by sme najprv potrebovali pr\u00e1cu na pln\u00fd \u00fav\u00e4zok. Neh\u013ead\u00e1me si pr\u00e1cu, lebo sa doma nud\u00edme, mus\u00edme plati\u0165 \u00fa\u010dty. Ke\u010f zamestn\u00e1te postihnut\u00e9ho \u010dloveka, neposkytujete mu t\u00fdm \u017eiadnu \u0161k\u00f4lku pre dospel\u00fdch a&nbsp;nie je to ani charita. Postihnut\u00ed \u013eudia prin\u00e1\u0161aj\u00fa na pracovisko svoje vedomosti, zru\u010dnosti a&nbsp;odbornos\u0165. Na\u0161a pr\u00e1ca m\u00e1 hodnotu a&nbsp;zasl\u00fa\u017eime si za \u0148u adekv\u00e1tnu odmenu. A&nbsp;ak hlavnou n\u00e1pl\u0148ou pr\u00e1ce nie je pod\u00e1va\u0165 n\u00e1ro\u010dn\u00fd fyzick\u00fd v\u00fdkon, zdrav\u00ed \u013eudia ju nebud\u00fa vykon\u00e1va\u0165 lep\u0161ie iba preto, \u017ee s\u00fa zdrav\u00ed. Ako neby\u0165 ableista pri h\u013eadan\u00ed nov\u00fdch zamestnancov \u010co teda m\u00f4\u017eete urobi\u0165, aby ste sa pri prij\u00edman\u00ed nov\u00fdch \u013eud\u00ed vyhli ableizmu? V&nbsp;prvom rade verte postihnut\u00fdm uch\u00e1dza\u010dom, ke\u010f v\u00e1m povedia, \u017ee dan\u00fa pr\u00e1cu fyzicky zvl\u00e1dnu. Ka\u017ed\u00fd postihnut\u00fd \u010dlovek najlep\u0161ie vie, \u010doho je schopn\u00fd. Nikdy by sme sa neuch\u00e1dzali o&nbsp;pr\u00e1cu, ktor\u00fa by sme nezvl\u00e1dli. Hl\u00e1sili by ste sa na poz\u00edciu plav\u010d\u00edka, ak neviete pl\u00e1va\u0165? Toto je to ist\u00e9. A&nbsp;po druh\u00e9, nepredpokladajte, \u017ee zdrav\u00ed \u013eudia bud\u00fa automaticky vo v\u0161etkom lep\u0161\u00ed. Va\u0161a schopnos\u0165 uteka\u0165 z&nbsp;v\u00e1s nesprav\u00ed lep\u0161ieho aktivistu. Na druhej strane moje sk\u00fasenosti s&nbsp;diskrimin\u00e1ciou sa mi pri tejto pr\u00e1ci rozhodne z\u00eddu. &nbsp;&nbsp;&nbsp;<\/p>\n","protected":false},"author":5,"featured_media":0,"comment_status":"open","ping_status":"open","sticky":false,"template":"","format":"standard","meta":{"footnotes":""},"categories":[5],"tags":[],"class_list":["post-356","post","type-post","status-publish","format-standard","hentry","category-vyprava-za-rovnostou"],"yoast_head":"<!-- This site is optimized with the Yoast SEO plugin v27.5 - https:\/\/yoast.com\/product\/yoast-seo-wordpress\/ -->\n<title>Ako postihnut\u00e1 \u017eena pr\u00e1cu h\u013eadala a ableizmus na\u0161la - The Once and Future Cripple SK<\/title>\n<meta name=\"description\" content=\"Postihnut\u00ed \u013eudia prin\u00e1\u0161aj\u00fa na pracovisko svoje vedomosti, zru\u010dnosti a odbornos\u0165. Na\u0161a pr\u00e1ca m\u00e1 hodnotu a zasl\u00fa\u017eime si za \u0148u adekv\u00e1tnu odmenu. A ak hlavnou n\u00e1pl\u0148ou pr\u00e1ce nie je pod\u00e1va\u0165 n\u00e1ro\u010dn\u00fd fyzick\u00fd v\u00fdkon, zdrav\u00ed \u013eudia ju nebud\u00fa vykon\u00e1va\u0165 lep\u0161ie iba preto, \u017ee s\u00fa zdrav\u00ed.\" \/>\n<meta name=\"robots\" content=\"index, follow, max-snippet:-1, max-image-preview:large, max-video-preview:-1\" \/>\n<link rel=\"canonical\" href=\"https:\/\/www.theonceandfuturecripple.com\/sk\/ako-postihnuta-zena-pracu-hladala-a-ableizmus-nasla\/\" \/>\n<meta property=\"og:locale\" content=\"sk_SK\" \/>\n<meta property=\"og:type\" content=\"article\" \/>\n<meta property=\"og:title\" content=\"Ako postihnut\u00e1 \u017eena pr\u00e1cu h\u013eadala a ableizmus na\u0161la - The Once and Future Cripple SK\" \/>\n<meta property=\"og:description\" content=\"Postihnut\u00ed \u013eudia prin\u00e1\u0161aj\u00fa na pracovisko svoje vedomosti, zru\u010dnosti a odbornos\u0165. Na\u0161a pr\u00e1ca m\u00e1 hodnotu a zasl\u00fa\u017eime si za \u0148u adekv\u00e1tnu odmenu. A ak hlavnou n\u00e1pl\u0148ou pr\u00e1ce nie je pod\u00e1va\u0165 n\u00e1ro\u010dn\u00fd fyzick\u00fd v\u00fdkon, zdrav\u00ed \u013eudia ju nebud\u00fa vykon\u00e1va\u0165 lep\u0161ie iba preto, \u017ee s\u00fa zdrav\u00ed.\" \/>\n<meta property=\"og:url\" content=\"https:\/\/www.theonceandfuturecripple.com\/sk\/ako-postihnuta-zena-pracu-hladala-a-ableizmus-nasla\/\" \/>\n<meta property=\"og:site_name\" content=\"The Once and Future Cripple SK\" \/>\n<meta property=\"article:publisher\" content=\"https:\/\/www.facebook.com\/onceandfuturecripple\" \/>\n<meta property=\"article:published_time\" content=\"2022-01-23T01:20:00+00:00\" \/>\n<meta property=\"article:modified_time\" content=\"2022-01-23T12:00:33+00:00\" \/>\n<meta property=\"og:image\" content=\"https:\/\/www.theonceandfuturecripple.com\/sk\/wp-content\/uploads\/sites\/2\/2022\/01\/fb-link.png\" \/>\n\t<meta property=\"og:image:width\" content=\"953\" \/>\n\t<meta property=\"og:image:height\" content=\"500\" \/>\n\t<meta property=\"og:image:type\" content=\"image\/png\" \/>\n<meta name=\"author\" content=\"Kristina Lucien\" \/>\n<meta name=\"twitter:card\" content=\"summary_large_image\" \/>\n<meta name=\"twitter:label1\" content=\"Autor\" \/>\n\t<meta name=\"twitter:data1\" content=\"Kristina Lucien\" \/>\n\t<meta name=\"twitter:label2\" content=\"Predpokladan\u00fd \u010das \u010d\u00edtania\" \/>\n\t<meta name=\"twitter:data2\" content=\"5 min\u00fat\" \/>\n<script type=\"application\/ld+json\" class=\"yoast-schema-graph\">{\"@context\":\"https:\\\/\\\/schema.org\",\"@graph\":[{\"@type\":\"Article\",\"@id\":\"https:\\\/\\\/www.theonceandfuturecripple.com\\\/sk\\\/ako-postihnuta-zena-pracu-hladala-a-ableizmus-nasla\\\/#article\",\"isPartOf\":{\"@id\":\"https:\\\/\\\/www.theonceandfuturecripple.com\\\/sk\\\/ako-postihnuta-zena-pracu-hladala-a-ableizmus-nasla\\\/\"},\"author\":{\"name\":\"Kristina Lucien\",\"@id\":\"https:\\\/\\\/www.theonceandfuturecripple.com\\\/sk\\\/#\\\/schema\\\/person\\\/1c6d55c93b75553842f359c4ed0242c5\"},\"headline\":\"Ako postihnut\u00e1 \u017eena pr\u00e1cu h\u013eadala a ableizmus na\u0161la\",\"datePublished\":\"2022-01-23T01:20:00+00:00\",\"dateModified\":\"2022-01-23T12:00:33+00:00\",\"mainEntityOfPage\":{\"@id\":\"https:\\\/\\\/www.theonceandfuturecripple.com\\\/sk\\\/ako-postihnuta-zena-pracu-hladala-a-ableizmus-nasla\\\/\"},\"wordCount\":1305,\"commentCount\":2,\"publisher\":{\"@id\":\"https:\\\/\\\/www.theonceandfuturecripple.com\\\/sk\\\/#organization\"},\"articleSection\":[\"V\u00fdprava za rovnos\u0165ou\"],\"inLanguage\":\"sk-SK\",\"potentialAction\":[{\"@type\":\"CommentAction\",\"name\":\"Comment\",\"target\":[\"https:\\\/\\\/www.theonceandfuturecripple.com\\\/sk\\\/ako-postihnuta-zena-pracu-hladala-a-ableizmus-nasla\\\/#respond\"]}]},{\"@type\":\"WebPage\",\"@id\":\"https:\\\/\\\/www.theonceandfuturecripple.com\\\/sk\\\/ako-postihnuta-zena-pracu-hladala-a-ableizmus-nasla\\\/\",\"url\":\"https:\\\/\\\/www.theonceandfuturecripple.com\\\/sk\\\/ako-postihnuta-zena-pracu-hladala-a-ableizmus-nasla\\\/\",\"name\":\"Ako postihnut\u00e1 \u017eena pr\u00e1cu h\u013eadala a ableizmus na\u0161la - The Once and Future Cripple SK\",\"isPartOf\":{\"@id\":\"https:\\\/\\\/www.theonceandfuturecripple.com\\\/sk\\\/#website\"},\"datePublished\":\"2022-01-23T01:20:00+00:00\",\"dateModified\":\"2022-01-23T12:00:33+00:00\",\"description\":\"Postihnut\u00ed \u013eudia prin\u00e1\u0161aj\u00fa na pracovisko svoje vedomosti, zru\u010dnosti a odbornos\u0165. Na\u0161a pr\u00e1ca m\u00e1 hodnotu a zasl\u00fa\u017eime si za \u0148u adekv\u00e1tnu odmenu. A ak hlavnou n\u00e1pl\u0148ou pr\u00e1ce nie je pod\u00e1va\u0165 n\u00e1ro\u010dn\u00fd fyzick\u00fd v\u00fdkon, zdrav\u00ed \u013eudia ju nebud\u00fa vykon\u00e1va\u0165 lep\u0161ie iba preto, \u017ee s\u00fa zdrav\u00ed.\",\"breadcrumb\":{\"@id\":\"https:\\\/\\\/www.theonceandfuturecripple.com\\\/sk\\\/ako-postihnuta-zena-pracu-hladala-a-ableizmus-nasla\\\/#breadcrumb\"},\"inLanguage\":\"sk-SK\",\"potentialAction\":[{\"@type\":\"ReadAction\",\"target\":[\"https:\\\/\\\/www.theonceandfuturecripple.com\\\/sk\\\/ako-postihnuta-zena-pracu-hladala-a-ableizmus-nasla\\\/\"]}]},{\"@type\":\"BreadcrumbList\",\"@id\":\"https:\\\/\\\/www.theonceandfuturecripple.com\\\/sk\\\/ako-postihnuta-zena-pracu-hladala-a-ableizmus-nasla\\\/#breadcrumb\",\"itemListElement\":[{\"@type\":\"ListItem\",\"position\":1,\"name\":\"Home\",\"item\":\"https:\\\/\\\/www.theonceandfuturecripple.com\\\/sk\\\/\"},{\"@type\":\"ListItem\",\"position\":2,\"name\":\"Ako postihnut\u00e1 \u017eena pr\u00e1cu h\u013eadala a ableizmus na\u0161la\"}]},{\"@type\":\"WebSite\",\"@id\":\"https:\\\/\\\/www.theonceandfuturecripple.com\\\/sk\\\/#website\",\"url\":\"https:\\\/\\\/www.theonceandfuturecripple.com\\\/sk\\\/\",\"name\":\"The Once and Future Cripple SK\",\"description\":\"Som tepl\u00e1 a postihnut\u00e1, preto p\u00ed\u0161em o v\u00fdzname rovnosti.\",\"publisher\":{\"@id\":\"https:\\\/\\\/www.theonceandfuturecripple.com\\\/sk\\\/#organization\"},\"potentialAction\":[{\"@type\":\"SearchAction\",\"target\":{\"@type\":\"EntryPoint\",\"urlTemplate\":\"https:\\\/\\\/www.theonceandfuturecripple.com\\\/sk\\\/?s={search_term_string}\"},\"query-input\":{\"@type\":\"PropertyValueSpecification\",\"valueRequired\":true,\"valueName\":\"search_term_string\"}}],\"inLanguage\":\"sk-SK\"},{\"@type\":\"Organization\",\"@id\":\"https:\\\/\\\/www.theonceandfuturecripple.com\\\/sk\\\/#organization\",\"name\":\"The Once and Future Cripple SK\",\"url\":\"https:\\\/\\\/www.theonceandfuturecripple.com\\\/sk\\\/\",\"logo\":{\"@type\":\"ImageObject\",\"inLanguage\":\"sk-SK\",\"@id\":\"https:\\\/\\\/www.theonceandfuturecripple.com\\\/sk\\\/#\\\/schema\\\/logo\\\/image\\\/\",\"url\":\"https:\\\/\\\/www.theonceandfuturecripple.com\\\/sk\\\/wp-content\\\/uploads\\\/sites\\\/2\\\/2021\\\/10\\\/logo.png\",\"contentUrl\":\"https:\\\/\\\/www.theonceandfuturecripple.com\\\/sk\\\/wp-content\\\/uploads\\\/sites\\\/2\\\/2021\\\/10\\\/logo.png\",\"width\":790,\"height\":630,\"caption\":\"The Once and Future Cripple SK\"},\"image\":{\"@id\":\"https:\\\/\\\/www.theonceandfuturecripple.com\\\/sk\\\/#\\\/schema\\\/logo\\\/image\\\/\"},\"sameAs\":[\"https:\\\/\\\/www.facebook.com\\\/onceandfuturecripple\",\"https:\\\/\\\/www.instagram.com\\\/onceandfuturecripple\\\/\"]},{\"@type\":\"Person\",\"@id\":\"https:\\\/\\\/www.theonceandfuturecripple.com\\\/sk\\\/#\\\/schema\\\/person\\\/1c6d55c93b75553842f359c4ed0242c5\",\"name\":\"Kristina Lucien\",\"image\":{\"@type\":\"ImageObject\",\"inLanguage\":\"sk-SK\",\"@id\":\"https:\\\/\\\/secure.gravatar.com\\\/avatar\\\/b639c99eba47100f3812fc636a2d4a877ea587386fa5b87de4e2dd3acf18764a?s=96&d=mm&r=g\",\"url\":\"https:\\\/\\\/secure.gravatar.com\\\/avatar\\\/b639c99eba47100f3812fc636a2d4a877ea587386fa5b87de4e2dd3acf18764a?s=96&d=mm&r=g\",\"contentUrl\":\"https:\\\/\\\/secure.gravatar.com\\\/avatar\\\/b639c99eba47100f3812fc636a2d4a877ea587386fa5b87de4e2dd3acf18764a?s=96&d=mm&r=g\",\"caption\":\"Kristina Lucien\"},\"description\":\"Som tepl\u00e1 aktivistka s detskou mozgovou obrnou. Na tomto blogu sa do\u010d\u00edtate, pre\u010do som hrd\u00e1 na to, \u017ee som postihnut\u00e1 a bisexu\u00e1lna, napriek tomu, \u017ee odo m\u0148a spolo\u010dnos\u0165 o\u010dak\u00e1va, \u017ee sa za oboje budem hanbi\u0165.\",\"url\":\"https:\\\/\\\/www.theonceandfuturecripple.com\\\/sk\\\/author\\\/lady48amira\\\/\"}]}<\/script>\n<!-- \/ Yoast SEO plugin. -->","yoast_head_json":{"title":"Ako postihnut\u00e1 \u017eena pr\u00e1cu h\u013eadala a ableizmus na\u0161la - The Once and Future Cripple SK","description":"Postihnut\u00ed \u013eudia prin\u00e1\u0161aj\u00fa na pracovisko svoje vedomosti, zru\u010dnosti a odbornos\u0165. Na\u0161a pr\u00e1ca m\u00e1 hodnotu a zasl\u00fa\u017eime si za \u0148u adekv\u00e1tnu odmenu. A ak hlavnou n\u00e1pl\u0148ou pr\u00e1ce nie je pod\u00e1va\u0165 n\u00e1ro\u010dn\u00fd fyzick\u00fd v\u00fdkon, zdrav\u00ed \u013eudia ju nebud\u00fa vykon\u00e1va\u0165 lep\u0161ie iba preto, \u017ee s\u00fa zdrav\u00ed.","robots":{"index":"index","follow":"follow","max-snippet":"max-snippet:-1","max-image-preview":"max-image-preview:large","max-video-preview":"max-video-preview:-1"},"canonical":"https:\/\/www.theonceandfuturecripple.com\/sk\/ako-postihnuta-zena-pracu-hladala-a-ableizmus-nasla\/","og_locale":"sk_SK","og_type":"article","og_title":"Ako postihnut\u00e1 \u017eena pr\u00e1cu h\u013eadala a ableizmus na\u0161la - The Once and Future Cripple SK","og_description":"Postihnut\u00ed \u013eudia prin\u00e1\u0161aj\u00fa na pracovisko svoje vedomosti, zru\u010dnosti a odbornos\u0165. Na\u0161a pr\u00e1ca m\u00e1 hodnotu a zasl\u00fa\u017eime si za \u0148u adekv\u00e1tnu odmenu. A ak hlavnou n\u00e1pl\u0148ou pr\u00e1ce nie je pod\u00e1va\u0165 n\u00e1ro\u010dn\u00fd fyzick\u00fd v\u00fdkon, zdrav\u00ed \u013eudia ju nebud\u00fa vykon\u00e1va\u0165 lep\u0161ie iba preto, \u017ee s\u00fa zdrav\u00ed.","og_url":"https:\/\/www.theonceandfuturecripple.com\/sk\/ako-postihnuta-zena-pracu-hladala-a-ableizmus-nasla\/","og_site_name":"The Once and Future Cripple SK","article_publisher":"https:\/\/www.facebook.com\/onceandfuturecripple","article_published_time":"2022-01-23T01:20:00+00:00","article_modified_time":"2022-01-23T12:00:33+00:00","og_image":[{"width":953,"height":500,"url":"https:\/\/www.theonceandfuturecripple.com\/sk\/wp-content\/uploads\/sites\/2\/2022\/01\/fb-link.png","type":"image\/png"}],"author":"Kristina Lucien","twitter_card":"summary_large_image","twitter_misc":{"Autor":"Kristina Lucien","Predpokladan\u00fd \u010das \u010d\u00edtania":"5 min\u00fat"},"schema":{"@context":"https:\/\/schema.org","@graph":[{"@type":"Article","@id":"https:\/\/www.theonceandfuturecripple.com\/sk\/ako-postihnuta-zena-pracu-hladala-a-ableizmus-nasla\/#article","isPartOf":{"@id":"https:\/\/www.theonceandfuturecripple.com\/sk\/ako-postihnuta-zena-pracu-hladala-a-ableizmus-nasla\/"},"author":{"name":"Kristina Lucien","@id":"https:\/\/www.theonceandfuturecripple.com\/sk\/#\/schema\/person\/1c6d55c93b75553842f359c4ed0242c5"},"headline":"Ako postihnut\u00e1 \u017eena pr\u00e1cu h\u013eadala a ableizmus na\u0161la","datePublished":"2022-01-23T01:20:00+00:00","dateModified":"2022-01-23T12:00:33+00:00","mainEntityOfPage":{"@id":"https:\/\/www.theonceandfuturecripple.com\/sk\/ako-postihnuta-zena-pracu-hladala-a-ableizmus-nasla\/"},"wordCount":1305,"commentCount":2,"publisher":{"@id":"https:\/\/www.theonceandfuturecripple.com\/sk\/#organization"},"articleSection":["V\u00fdprava za rovnos\u0165ou"],"inLanguage":"sk-SK","potentialAction":[{"@type":"CommentAction","name":"Comment","target":["https:\/\/www.theonceandfuturecripple.com\/sk\/ako-postihnuta-zena-pracu-hladala-a-ableizmus-nasla\/#respond"]}]},{"@type":"WebPage","@id":"https:\/\/www.theonceandfuturecripple.com\/sk\/ako-postihnuta-zena-pracu-hladala-a-ableizmus-nasla\/","url":"https:\/\/www.theonceandfuturecripple.com\/sk\/ako-postihnuta-zena-pracu-hladala-a-ableizmus-nasla\/","name":"Ako postihnut\u00e1 \u017eena pr\u00e1cu h\u013eadala a ableizmus na\u0161la - The Once and Future Cripple SK","isPartOf":{"@id":"https:\/\/www.theonceandfuturecripple.com\/sk\/#website"},"datePublished":"2022-01-23T01:20:00+00:00","dateModified":"2022-01-23T12:00:33+00:00","description":"Postihnut\u00ed \u013eudia prin\u00e1\u0161aj\u00fa na pracovisko svoje vedomosti, zru\u010dnosti a odbornos\u0165. Na\u0161a pr\u00e1ca m\u00e1 hodnotu a zasl\u00fa\u017eime si za \u0148u adekv\u00e1tnu odmenu. A ak hlavnou n\u00e1pl\u0148ou pr\u00e1ce nie je pod\u00e1va\u0165 n\u00e1ro\u010dn\u00fd fyzick\u00fd v\u00fdkon, zdrav\u00ed \u013eudia ju nebud\u00fa vykon\u00e1va\u0165 lep\u0161ie iba preto, \u017ee s\u00fa zdrav\u00ed.","breadcrumb":{"@id":"https:\/\/www.theonceandfuturecripple.com\/sk\/ako-postihnuta-zena-pracu-hladala-a-ableizmus-nasla\/#breadcrumb"},"inLanguage":"sk-SK","potentialAction":[{"@type":"ReadAction","target":["https:\/\/www.theonceandfuturecripple.com\/sk\/ako-postihnuta-zena-pracu-hladala-a-ableizmus-nasla\/"]}]},{"@type":"BreadcrumbList","@id":"https:\/\/www.theonceandfuturecripple.com\/sk\/ako-postihnuta-zena-pracu-hladala-a-ableizmus-nasla\/#breadcrumb","itemListElement":[{"@type":"ListItem","position":1,"name":"Home","item":"https:\/\/www.theonceandfuturecripple.com\/sk\/"},{"@type":"ListItem","position":2,"name":"Ako postihnut\u00e1 \u017eena pr\u00e1cu h\u013eadala a ableizmus na\u0161la"}]},{"@type":"WebSite","@id":"https:\/\/www.theonceandfuturecripple.com\/sk\/#website","url":"https:\/\/www.theonceandfuturecripple.com\/sk\/","name":"The Once and Future Cripple SK","description":"Som tepl\u00e1 a postihnut\u00e1, preto p\u00ed\u0161em o v\u00fdzname rovnosti.","publisher":{"@id":"https:\/\/www.theonceandfuturecripple.com\/sk\/#organization"},"potentialAction":[{"@type":"SearchAction","target":{"@type":"EntryPoint","urlTemplate":"https:\/\/www.theonceandfuturecripple.com\/sk\/?s={search_term_string}"},"query-input":{"@type":"PropertyValueSpecification","valueRequired":true,"valueName":"search_term_string"}}],"inLanguage":"sk-SK"},{"@type":"Organization","@id":"https:\/\/www.theonceandfuturecripple.com\/sk\/#organization","name":"The Once and Future Cripple SK","url":"https:\/\/www.theonceandfuturecripple.com\/sk\/","logo":{"@type":"ImageObject","inLanguage":"sk-SK","@id":"https:\/\/www.theonceandfuturecripple.com\/sk\/#\/schema\/logo\/image\/","url":"https:\/\/www.theonceandfuturecripple.com\/sk\/wp-content\/uploads\/sites\/2\/2021\/10\/logo.png","contentUrl":"https:\/\/www.theonceandfuturecripple.com\/sk\/wp-content\/uploads\/sites\/2\/2021\/10\/logo.png","width":790,"height":630,"caption":"The Once and Future Cripple SK"},"image":{"@id":"https:\/\/www.theonceandfuturecripple.com\/sk\/#\/schema\/logo\/image\/"},"sameAs":["https:\/\/www.facebook.com\/onceandfuturecripple","https:\/\/www.instagram.com\/onceandfuturecripple\/"]},{"@type":"Person","@id":"https:\/\/www.theonceandfuturecripple.com\/sk\/#\/schema\/person\/1c6d55c93b75553842f359c4ed0242c5","name":"Kristina Lucien","image":{"@type":"ImageObject","inLanguage":"sk-SK","@id":"https:\/\/secure.gravatar.com\/avatar\/b639c99eba47100f3812fc636a2d4a877ea587386fa5b87de4e2dd3acf18764a?s=96&d=mm&r=g","url":"https:\/\/secure.gravatar.com\/avatar\/b639c99eba47100f3812fc636a2d4a877ea587386fa5b87de4e2dd3acf18764a?s=96&d=mm&r=g","contentUrl":"https:\/\/secure.gravatar.com\/avatar\/b639c99eba47100f3812fc636a2d4a877ea587386fa5b87de4e2dd3acf18764a?s=96&d=mm&r=g","caption":"Kristina Lucien"},"description":"Som tepl\u00e1 aktivistka s detskou mozgovou obrnou. Na tomto blogu sa do\u010d\u00edtate, pre\u010do som hrd\u00e1 na to, \u017ee som postihnut\u00e1 a bisexu\u00e1lna, napriek tomu, \u017ee odo m\u0148a spolo\u010dnos\u0165 o\u010dak\u00e1va, \u017ee sa za oboje budem hanbi\u0165.","url":"https:\/\/www.theonceandfuturecripple.com\/sk\/author\/lady48amira\/"}]}},"_links":{"self":[{"href":"https:\/\/www.theonceandfuturecripple.com\/sk\/wp-json\/wp\/v2\/posts\/356","targetHints":{"allow":["GET"]}}],"collection":[{"href":"https:\/\/www.theonceandfuturecripple.com\/sk\/wp-json\/wp\/v2\/posts"}],"about":[{"href":"https:\/\/www.theonceandfuturecripple.com\/sk\/wp-json\/wp\/v2\/types\/post"}],"author":[{"embeddable":true,"href":"https:\/\/www.theonceandfuturecripple.com\/sk\/wp-json\/wp\/v2\/users\/5"}],"replies":[{"embeddable":true,"href":"https:\/\/www.theonceandfuturecripple.com\/sk\/wp-json\/wp\/v2\/comments?post=356"}],"version-history":[{"count":4,"href":"https:\/\/www.theonceandfuturecripple.com\/sk\/wp-json\/wp\/v2\/posts\/356\/revisions"}],"predecessor-version":[{"id":363,"href":"https:\/\/www.theonceandfuturecripple.com\/sk\/wp-json\/wp\/v2\/posts\/356\/revisions\/363"}],"wp:attachment":[{"href":"https:\/\/www.theonceandfuturecripple.com\/sk\/wp-json\/wp\/v2\/media?parent=356"}],"wp:term":[{"taxonomy":"category","embeddable":true,"href":"https:\/\/www.theonceandfuturecripple.com\/sk\/wp-json\/wp\/v2\/categories?post=356"},{"taxonomy":"post_tag","embeddable":true,"href":"https:\/\/www.theonceandfuturecripple.com\/sk\/wp-json\/wp\/v2\/tags?post=356"}],"curies":[{"name":"wp","href":"https:\/\/api.w.org\/{rel}","templated":true}]}}